{"id":45819,"date":"2026-02-27T12:19:39","date_gmt":"2026-02-27T10:19:39","guid":{"rendered":"https:\/\/ampans.cat\/?p=45819"},"modified":"2026-02-27T12:19:39","modified_gmt":"2026-02-27T10:19:39","slug":"apoyo-del-programa-moves-iii-para-impulsar-la-movilidad-sostenible","status":"publish","type":"post","link":"https:\/\/ampans.cat\/es\/actualidad\/apoyo-del-programa-moves-iii-para-impulsar-la-movilidad-sostenible\/","title":{"rendered":"Apoyo del Programa MOVES III para impulsar la movilidad sostenible"},"content":{"rendered":"<h3 style=\"text-align: center;\">La incorporaci\u00f3n de un veh\u00edculo el\u00e9ctrico permite avanzar hacia un modelo de movilidad m\u00e1s eficiente y con menos emisiones<\/h3>\n<p data-start=\"290\" data-end=\"565\">En el marco del Programa de incentivos a la movilidad eficiente y sostenible (<strong>Programa MOVES III<\/strong>), promovido por el <strong>Ministerio para la Transici\u00f3n Ecol\u00f3gica<\/strong> y el <strong>Reto Demogr\u00e1fico<\/strong>, se ha llevado a cabo la compra de un veh\u00edculo el\u00e9ctrico destinado a los servicios de la entidad.<\/p>\n<p data-start=\"567\" data-end=\"749\">Esta actuaci\u00f3n contribuye a reducir las emisiones de CO\u2082 y a avanzar hacia un modelo de movilidad m\u00e1s sostenible y eficiente, alineado con el compromiso ambiental de la organizaci\u00f3n.<\/p>\n<p data-start=\"751\" data-end=\"1017\">Nuestra entidad ha recibido apoyo en el marco del Programa de incentivos a la movilidad eficiente y sostenible (<strong>Programa MOVES III<\/strong>), promovido por el <strong>Ministerio para la Transici\u00f3n Ecol\u00f3gica<\/strong> y el <strong>Reto Demogr\u00e1fico<\/strong>, y financiado por la <strong>Uni\u00f3n Europea \u2013 NextGenerationEU<\/strong>.<\/p>\n<p data-start=\"751\" data-end=\"1017\"><img loading=\"lazy\" decoding=\"async\" class=\"alignnone  wp-image-45820\" src=\"https:\/\/ampans.cat\/wp-content\/uploads\/2026\/02\/Manual-identitat-visual_page-0011-1-300x28.jpg\" alt=\"\" width=\"600\" height=\"56\" srcset=\"https:\/\/ampans.cat\/wp-content\/uploads\/2026\/02\/Manual-identitat-visual_page-0011-1-300x28.jpg 300w, https:\/\/ampans.cat\/wp-content\/uploads\/2026\/02\/Manual-identitat-visual_page-0011-1-1024x96.jpg 1024w, https:\/\/ampans.cat\/wp-content\/uploads\/2026\/02\/Manual-identitat-visual_page-0011-1-768x72.jpg 768w, https:\/\/ampans.cat\/wp-content\/uploads\/2026\/02\/Manual-identitat-visual_page-0011-1-1536x144.jpg 1536w, https:\/\/ampans.cat\/wp-content\/uploads\/2026\/02\/Manual-identitat-visual_page-0011-1-171x16.jpg 171w, https:\/\/ampans.cat\/wp-content\/uploads\/2026\/02\/Manual-identitat-visual_page-0011-1.jpg 1755w\" sizes=\"auto, (max-width: 600px) 100vw, 600px\" \/><\/p>\n","protected":false},"excerpt":{"rendered":"<p>La incorporaci\u00f3n de un veh\u00edculo el\u00e9ctrico permite avanzar hacia un modelo de movilidad m\u00e1s eficiente y con menos emisiones En el marco del Programa de incentivos a la movilidad eficiente y sostenible (Programa MOVES III), promovido por el Ministerio para la Transici\u00f3n Ecol\u00f3gica y el Reto Demogr\u00e1fico, se ha llevado a cabo la compra de [&hellip;]<\/p>\n","protected":false},"author":16,"featured_media":45821,"comment_status":"closed","ping_status":"open","sticky":false,"template":"","format":"standard","meta":{"_acf_changed":false,"inline_featured_image":false,"footnotes":""},"categories":[7],"tags":[],"ambit_actualitat":[],"tipus_de_pagina":[84,130],"class_list":["post-45819","post","type-post","status-publish","format-standard","has-post-thumbnail","hentry","category-actualidad","tipus_de_pagina-actualitat","tipus_de_pagina-actualitat-es"],"acf":[],"yoast_head":"<!-- This site is optimized with the Yoast SEO plugin v27.4 - https:\/\/yoast.com\/product\/yoast-seo-wordpress\/ -->\n<title>Apoyo del Programa MOVES III para impulsar la movilidad sostenible | AMPANS<\/title>\n<meta name=\"robots\" content=\"index, follow, max-snippet:-1, max-image-preview:large, max-video-preview:-1\" \/>\n<link rel=\"canonical\" href=\"https:\/\/ampans.cat\/es\/actualidad\/apoyo-del-programa-moves-iii-para-impulsar-la-movilidad-sostenible\/\" \/>\n<meta property=\"og:locale\" content=\"es_ES\" \/>\n<meta property=\"og:type\" content=\"article\" \/>\n<meta property=\"og:title\" content=\"Apoyo del Programa MOVES III para impulsar la movilidad sostenible | AMPANS\" \/>\n<meta property=\"og:description\" content=\"La incorporaci\u00f3n de un veh\u00edculo el\u00e9ctrico permite avanzar hacia un modelo de movilidad m\u00e1s eficiente y con menos emisiones En el marco del Programa de incentivos a la movilidad eficiente y sostenible (Programa MOVES III), promovido por el Ministerio para la Transici\u00f3n Ecol\u00f3gica y el Reto Demogr\u00e1fico, se ha llevado a cabo la compra de [&hellip;]\" \/>\n<meta property=\"og:url\" content=\"https:\/\/ampans.cat\/es\/actualidad\/apoyo-del-programa-moves-iii-para-impulsar-la-movilidad-sostenible\/\" \/>\n<meta property=\"og:site_name\" content=\"AMPANS\" \/>\n<meta property=\"article:published_time\" content=\"2026-02-27T10:19:39+00:00\" \/>\n<meta property=\"og:image\" content=\"https:\/\/ampans.cat\/wp-content\/uploads\/2026\/02\/Moves-III_moves-III-cargador-1.jpg\" \/>\n\t<meta property=\"og:image:width\" content=\"1024\" \/>\n\t<meta property=\"og:image:height\" content=\"683\" \/>\n\t<meta property=\"og:image:type\" content=\"image\/jpeg\" \/>\n<meta name=\"author\" content=\"comunicacio\" \/>\n<meta name=\"twitter:card\" content=\"summary_large_image\" \/>\n<meta name=\"twitter:label1\" content=\"Escrito por\" \/>\n\t<meta name=\"twitter:data1\" content=\"comunicacio\" \/>\n\t<meta name=\"twitter:label2\" content=\"Tiempo de lectura\" \/>\n\t<meta name=\"twitter:data2\" content=\"2 minutos\" \/>\n<script type=\"application\/ld+json\" class=\"yoast-schema-graph\">{\"@context\":\"https:\\\/\\\/schema.org\",\"@graph\":[{\"@type\":\"Article\",\"@id\":\"https:\\\/\\\/ampans.cat\\\/es\\\/actualidad\\\/apoyo-del-programa-moves-iii-para-impulsar-la-movilidad-sostenible\\\/#article\",\"isPartOf\":{\"@id\":\"https:\\\/\\\/ampans.cat\\\/es\\\/actualidad\\\/apoyo-del-programa-moves-iii-para-impulsar-la-movilidad-sostenible\\\/\"},\"author\":{\"name\":\"comunicacio\",\"@id\":\"https:\\\/\\\/ampans.cat\\\/es\\\/#\\\/schema\\\/person\\\/b11b36b6e01d13f6cb6e2f6cab9d821f\"},\"headline\":\"Apoyo del Programa MOVES III para impulsar la movilidad sostenible\",\"datePublished\":\"2026-02-27T10:19:39+00:00\",\"mainEntityOfPage\":{\"@id\":\"https:\\\/\\\/ampans.cat\\\/es\\\/actualidad\\\/apoyo-del-programa-moves-iii-para-impulsar-la-movilidad-sostenible\\\/\"},\"wordCount\":160,\"publisher\":{\"@id\":\"https:\\\/\\\/ampans.cat\\\/es\\\/#organization\"},\"image\":{\"@id\":\"https:\\\/\\\/ampans.cat\\\/es\\\/actualidad\\\/apoyo-del-programa-moves-iii-para-impulsar-la-movilidad-sostenible\\\/#primaryimage\"},\"thumbnailUrl\":\"https:\\\/\\\/ampans.cat\\\/wp-content\\\/uploads\\\/2026\\\/02\\\/Moves-III_moves-III-cargador-1.jpg\",\"articleSection\":[\"Actualidad\"],\"inLanguage\":\"es\"},{\"@type\":\"WebPage\",\"@id\":\"https:\\\/\\\/ampans.cat\\\/es\\\/actualidad\\\/apoyo-del-programa-moves-iii-para-impulsar-la-movilidad-sostenible\\\/\",\"url\":\"https:\\\/\\\/ampans.cat\\\/es\\\/actualidad\\\/apoyo-del-programa-moves-iii-para-impulsar-la-movilidad-sostenible\\\/\",\"name\":\"Apoyo del Programa MOVES III para impulsar la movilidad sostenible | AMPANS\",\"isPartOf\":{\"@id\":\"https:\\\/\\\/ampans.cat\\\/es\\\/#website\"},\"primaryImageOfPage\":{\"@id\":\"https:\\\/\\\/ampans.cat\\\/es\\\/actualidad\\\/apoyo-del-programa-moves-iii-para-impulsar-la-movilidad-sostenible\\\/#primaryimage\"},\"image\":{\"@id\":\"https:\\\/\\\/ampans.cat\\\/es\\\/actualidad\\\/apoyo-del-programa-moves-iii-para-impulsar-la-movilidad-sostenible\\\/#primaryimage\"},\"thumbnailUrl\":\"https:\\\/\\\/ampans.cat\\\/wp-content\\\/uploads\\\/2026\\\/02\\\/Moves-III_moves-III-cargador-1.jpg\",\"datePublished\":\"2026-02-27T10:19:39+00:00\",\"breadcrumb\":{\"@id\":\"https:\\\/\\\/ampans.cat\\\/es\\\/actualidad\\\/apoyo-del-programa-moves-iii-para-impulsar-la-movilidad-sostenible\\\/#breadcrumb\"},\"inLanguage\":\"es\",\"potentialAction\":[{\"@type\":\"ReadAction\",\"target\":[\"https:\\\/\\\/ampans.cat\\\/es\\\/actualidad\\\/apoyo-del-programa-moves-iii-para-impulsar-la-movilidad-sostenible\\\/\"]}]},{\"@type\":\"ImageObject\",\"inLanguage\":\"es\",\"@id\":\"https:\\\/\\\/ampans.cat\\\/es\\\/actualidad\\\/apoyo-del-programa-moves-iii-para-impulsar-la-movilidad-sostenible\\\/#primaryimage\",\"url\":\"https:\\\/\\\/ampans.cat\\\/wp-content\\\/uploads\\\/2026\\\/02\\\/Moves-III_moves-III-cargador-1.jpg\",\"contentUrl\":\"https:\\\/\\\/ampans.cat\\\/wp-content\\\/uploads\\\/2026\\\/02\\\/Moves-III_moves-III-cargador-1.jpg\",\"width\":1024,\"height\":683},{\"@type\":\"BreadcrumbList\",\"@id\":\"https:\\\/\\\/ampans.cat\\\/es\\\/actualidad\\\/apoyo-del-programa-moves-iii-para-impulsar-la-movilidad-sostenible\\\/#breadcrumb\",\"itemListElement\":[{\"@type\":\"ListItem\",\"position\":1,\"name\":\"Home\",\"item\":\"https:\\\/\\\/ampans.cat\\\/es\\\/\"},{\"@type\":\"ListItem\",\"position\":2,\"name\":\"Apoyo del Programa MOVES III para impulsar la movilidad sostenible\"}]},{\"@type\":\"WebSite\",\"@id\":\"https:\\\/\\\/ampans.cat\\\/es\\\/#website\",\"url\":\"https:\\\/\\\/ampans.cat\\\/es\\\/\",\"name\":\"AMPANS\",\"description\":\"\",\"publisher\":{\"@id\":\"https:\\\/\\\/ampans.cat\\\/es\\\/#organization\"},\"potentialAction\":[{\"@type\":\"SearchAction\",\"target\":{\"@type\":\"EntryPoint\",\"urlTemplate\":\"https:\\\/\\\/ampans.cat\\\/es\\\/?s={search_term_string}\"},\"query-input\":{\"@type\":\"PropertyValueSpecification\",\"valueRequired\":true,\"valueName\":\"search_term_string\"}}],\"inLanguage\":\"es\"},{\"@type\":\"Organization\",\"@id\":\"https:\\\/\\\/ampans.cat\\\/es\\\/#organization\",\"name\":\"AMPANS\",\"url\":\"https:\\\/\\\/ampans.cat\\\/es\\\/\",\"logo\":{\"@type\":\"ImageObject\",\"inLanguage\":\"es\",\"@id\":\"https:\\\/\\\/ampans.cat\\\/es\\\/#\\\/schema\\\/logo\\\/image\\\/\",\"url\":\"https:\\\/\\\/ampans.cat\\\/wp-content\\\/uploads\\\/2022\\\/06\\\/animat-ampans-big.gif\",\"contentUrl\":\"https:\\\/\\\/ampans.cat\\\/wp-content\\\/uploads\\\/2022\\\/06\\\/animat-ampans-big.gif\",\"width\":1200,\"height\":312,\"caption\":\"AMPANS\"},\"image\":{\"@id\":\"https:\\\/\\\/ampans.cat\\\/es\\\/#\\\/schema\\\/logo\\\/image\\\/\"}},{\"@type\":\"Person\",\"@id\":\"https:\\\/\\\/ampans.cat\\\/es\\\/#\\\/schema\\\/person\\\/b11b36b6e01d13f6cb6e2f6cab9d821f\",\"name\":\"comunicacio\",\"image\":{\"@type\":\"ImageObject\",\"inLanguage\":\"es\",\"@id\":\"https:\\\/\\\/secure.gravatar.com\\\/avatar\\\/a68c6b10f874b30985540598c7325c689e1989efb4d49863e6cfc21e9333a066?s=96&d=mm&r=g\",\"url\":\"https:\\\/\\\/secure.gravatar.com\\\/avatar\\\/a68c6b10f874b30985540598c7325c689e1989efb4d49863e6cfc21e9333a066?s=96&d=mm&r=g\",\"contentUrl\":\"https:\\\/\\\/secure.gravatar.com\\\/avatar\\\/a68c6b10f874b30985540598c7325c689e1989efb4d49863e6cfc21e9333a066?s=96&d=mm&r=g\",\"caption\":\"comunicacio\"}}]}<\/script>\n<!-- \/ Yoast SEO plugin. -->","yoast_head_json":{"title":"Apoyo del Programa MOVES III para impulsar la movilidad sostenible | AMPANS","robots":{"index":"index","follow":"follow","max-snippet":"max-snippet:-1","max-image-preview":"max-image-preview:large","max-video-preview":"max-video-preview:-1"},"canonical":"https:\/\/ampans.cat\/es\/actualidad\/apoyo-del-programa-moves-iii-para-impulsar-la-movilidad-sostenible\/","og_locale":"es_ES","og_type":"article","og_title":"Apoyo del Programa MOVES III para impulsar la movilidad sostenible | AMPANS","og_description":"La incorporaci\u00f3n de un veh\u00edculo el\u00e9ctrico permite avanzar hacia un modelo de movilidad m\u00e1s eficiente y con menos emisiones En el marco del Programa de incentivos a la movilidad eficiente y sostenible (Programa MOVES III), promovido por el Ministerio para la Transici\u00f3n Ecol\u00f3gica y el Reto Demogr\u00e1fico, se ha llevado a cabo la compra de [&hellip;]","og_url":"https:\/\/ampans.cat\/es\/actualidad\/apoyo-del-programa-moves-iii-para-impulsar-la-movilidad-sostenible\/","og_site_name":"AMPANS","article_published_time":"2026-02-27T10:19:39+00:00","og_image":[{"width":1024,"height":683,"url":"https:\/\/ampans.cat\/wp-content\/uploads\/2026\/02\/Moves-III_moves-III-cargador-1.jpg","type":"image\/jpeg"}],"author":"comunicacio","twitter_card":"summary_large_image","twitter_misc":{"Escrito por":"comunicacio","Tiempo de lectura":"2 minutos"},"schema":{"@context":"https:\/\/schema.org","@graph":[{"@type":"Article","@id":"https:\/\/ampans.cat\/es\/actualidad\/apoyo-del-programa-moves-iii-para-impulsar-la-movilidad-sostenible\/#article","isPartOf":{"@id":"https:\/\/ampans.cat\/es\/actualidad\/apoyo-del-programa-moves-iii-para-impulsar-la-movilidad-sostenible\/"},"author":{"name":"comunicacio","@id":"https:\/\/ampans.cat\/es\/#\/schema\/person\/b11b36b6e01d13f6cb6e2f6cab9d821f"},"headline":"Apoyo del Programa MOVES III para impulsar la movilidad sostenible","datePublished":"2026-02-27T10:19:39+00:00","mainEntityOfPage":{"@id":"https:\/\/ampans.cat\/es\/actualidad\/apoyo-del-programa-moves-iii-para-impulsar-la-movilidad-sostenible\/"},"wordCount":160,"publisher":{"@id":"https:\/\/ampans.cat\/es\/#organization"},"image":{"@id":"https:\/\/ampans.cat\/es\/actualidad\/apoyo-del-programa-moves-iii-para-impulsar-la-movilidad-sostenible\/#primaryimage"},"thumbnailUrl":"https:\/\/ampans.cat\/wp-content\/uploads\/2026\/02\/Moves-III_moves-III-cargador-1.jpg","articleSection":["Actualidad"],"inLanguage":"es"},{"@type":"WebPage","@id":"https:\/\/ampans.cat\/es\/actualidad\/apoyo-del-programa-moves-iii-para-impulsar-la-movilidad-sostenible\/","url":"https:\/\/ampans.cat\/es\/actualidad\/apoyo-del-programa-moves-iii-para-impulsar-la-movilidad-sostenible\/","name":"Apoyo del Programa MOVES III para impulsar la movilidad sostenible | AMPANS","isPartOf":{"@id":"https:\/\/ampans.cat\/es\/#website"},"primaryImageOfPage":{"@id":"https:\/\/ampans.cat\/es\/actualidad\/apoyo-del-programa-moves-iii-para-impulsar-la-movilidad-sostenible\/#primaryimage"},"image":{"@id":"https:\/\/ampans.cat\/es\/actualidad\/apoyo-del-programa-moves-iii-para-impulsar-la-movilidad-sostenible\/#primaryimage"},"thumbnailUrl":"https:\/\/ampans.cat\/wp-content\/uploads\/2026\/02\/Moves-III_moves-III-cargador-1.jpg","datePublished":"2026-02-27T10:19:39+00:00","breadcrumb":{"@id":"https:\/\/ampans.cat\/es\/actualidad\/apoyo-del-programa-moves-iii-para-impulsar-la-movilidad-sostenible\/#breadcrumb"},"inLanguage":"es","potentialAction":[{"@type":"ReadAction","target":["https:\/\/ampans.cat\/es\/actualidad\/apoyo-del-programa-moves-iii-para-impulsar-la-movilidad-sostenible\/"]}]},{"@type":"ImageObject","inLanguage":"es","@id":"https:\/\/ampans.cat\/es\/actualidad\/apoyo-del-programa-moves-iii-para-impulsar-la-movilidad-sostenible\/#primaryimage","url":"https:\/\/ampans.cat\/wp-content\/uploads\/2026\/02\/Moves-III_moves-III-cargador-1.jpg","contentUrl":"https:\/\/ampans.cat\/wp-content\/uploads\/2026\/02\/Moves-III_moves-III-cargador-1.jpg","width":1024,"height":683},{"@type":"BreadcrumbList","@id":"https:\/\/ampans.cat\/es\/actualidad\/apoyo-del-programa-moves-iii-para-impulsar-la-movilidad-sostenible\/#breadcrumb","itemListElement":[{"@type":"ListItem","position":1,"name":"Home","item":"https:\/\/ampans.cat\/es\/"},{"@type":"ListItem","position":2,"name":"Apoyo del Programa MOVES III para impulsar la movilidad sostenible"}]},{"@type":"WebSite","@id":"https:\/\/ampans.cat\/es\/#website","url":"https:\/\/ampans.cat\/es\/","name":"AMPANS","description":"","publisher":{"@id":"https:\/\/ampans.cat\/es\/#organization"},"potentialAction":[{"@type":"SearchAction","target":{"@type":"EntryPoint","urlTemplate":"https:\/\/ampans.cat\/es\/?s={search_term_string}"},"query-input":{"@type":"PropertyValueSpecification","valueRequired":true,"valueName":"search_term_string"}}],"inLanguage":"es"},{"@type":"Organization","@id":"https:\/\/ampans.cat\/es\/#organization","name":"AMPANS","url":"https:\/\/ampans.cat\/es\/","logo":{"@type":"ImageObject","inLanguage":"es","@id":"https:\/\/ampans.cat\/es\/#\/schema\/logo\/image\/","url":"https:\/\/ampans.cat\/wp-content\/uploads\/2022\/06\/animat-ampans-big.gif","contentUrl":"https:\/\/ampans.cat\/wp-content\/uploads\/2022\/06\/animat-ampans-big.gif","width":1200,"height":312,"caption":"AMPANS"},"image":{"@id":"https:\/\/ampans.cat\/es\/#\/schema\/logo\/image\/"}},{"@type":"Person","@id":"https:\/\/ampans.cat\/es\/#\/schema\/person\/b11b36b6e01d13f6cb6e2f6cab9d821f","name":"comunicacio","image":{"@type":"ImageObject","inLanguage":"es","@id":"https:\/\/secure.gravatar.com\/avatar\/a68c6b10f874b30985540598c7325c689e1989efb4d49863e6cfc21e9333a066?s=96&d=mm&r=g","url":"https:\/\/secure.gravatar.com\/avatar\/a68c6b10f874b30985540598c7325c689e1989efb4d49863e6cfc21e9333a066?s=96&d=mm&r=g","contentUrl":"https:\/\/secure.gravatar.com\/avatar\/a68c6b10f874b30985540598c7325c689e1989efb4d49863e6cfc21e9333a066?s=96&d=mm&r=g","caption":"comunicacio"}}]}},"_links":{"self":[{"href":"https:\/\/ampans.cat\/es\/wp-json\/wp\/v2\/posts\/45819","targetHints":{"allow":["GET"]}}],"collection":[{"href":"https:\/\/ampans.cat\/es\/wp-json\/wp\/v2\/posts"}],"about":[{"href":"https:\/\/ampans.cat\/es\/wp-json\/wp\/v2\/types\/post"}],"author":[{"embeddable":true,"href":"https:\/\/ampans.cat\/es\/wp-json\/wp\/v2\/users\/16"}],"replies":[{"embeddable":true,"href":"https:\/\/ampans.cat\/es\/wp-json\/wp\/v2\/comments?post=45819"}],"version-history":[{"count":1,"href":"https:\/\/ampans.cat\/es\/wp-json\/wp\/v2\/posts\/45819\/revisions"}],"predecessor-version":[{"id":45822,"href":"https:\/\/ampans.cat\/es\/wp-json\/wp\/v2\/posts\/45819\/revisions\/45822"}],"wp:featuredmedia":[{"embeddable":true,"href":"https:\/\/ampans.cat\/es\/wp-json\/wp\/v2\/media\/45821"}],"wp:attachment":[{"href":"https:\/\/ampans.cat\/es\/wp-json\/wp\/v2\/media?parent=45819"}],"wp:term":[{"taxonomy":"category","embeddable":true,"href":"https:\/\/ampans.cat\/es\/wp-json\/wp\/v2\/categories?post=45819"},{"taxonomy":"post_tag","embeddable":true,"href":"https:\/\/ampans.cat\/es\/wp-json\/wp\/v2\/tags?post=45819"},{"taxonomy":"ambit_actualitat","embeddable":true,"href":"https:\/\/ampans.cat\/es\/wp-json\/wp\/v2\/ambit_actualitat?post=45819"},{"taxonomy":"tipus_de_pagina","embeddable":true,"href":"https:\/\/ampans.cat\/es\/wp-json\/wp\/v2\/tipus_de_pagina?post=45819"}],"curies":[{"name":"wp","href":"https:\/\/api.w.org\/{rel}","templated":true}]}}