{"id":43743,"date":"2025-05-09T11:43:49","date_gmt":"2025-05-09T09:43:49","guid":{"rendered":"https:\/\/ampans.cat\/?p=43743"},"modified":"2025-05-09T11:43:49","modified_gmt":"2025-05-09T09:43:49","slug":"la-escuela-jeroni-de-moragas-entrega-los-premios-drac-en-su-3a-edicion","status":"publish","type":"post","link":"https:\/\/ampans.cat\/es\/actualidad\/la-escuela-jeroni-de-moragas-entrega-los-premios-drac-en-su-3a-edicion\/","title":{"rendered":"La escuela Jeroni de Moragas entrega los Premios Drac, en su 3a edici\u00f3n"},"content":{"rendered":"<p>&nbsp;<\/p>\n<h2 dir=\"ltr\" data-placeholder=\"Traducci\u00f3\" data-ved=\"2ahUKEwjWp__QjJaNAxWAQ_EDHQciF5sQ3ewLegQICRAV\" aria-label=\"Text tradu\u00eft: Han participado tres escuelas de Santpedor, y el objetivo es sumar otras nuevas en la pr\u00f3xima edici\u00f3n\"><\/h2>\n<h2 dir=\"ltr\" data-placeholder=\"Traducci\u00f3\" data-ved=\"2ahUKEwjWp__QjJaNAxWAQ_EDHQciF5sQ3ewLegQICRAV\" aria-label=\"Text tradu\u00eft: Han participado tres escuelas de Santpedor, y el objetivo es sumar otras nuevas en la pr\u00f3xima edici\u00f3n\"><\/h2>\n<h2 id=\"tw-target-text\" class=\"tw-data-text tw-text-large tw-ta\" dir=\"ltr\" style=\"text-align: center;\" data-placeholder=\"Traducci\u00f3\" data-ved=\"2ahUKEwjWp__QjJaNAxWAQ_EDHQciF5sQ3ewLegQICRAV\" aria-label=\"Text tradu\u00eft: Han participado tres escuelas de Santpedor, y el objetivo es sumar otras nuevas en la pr\u00f3xima edici\u00f3n\"><strong><em><span class=\"Y2IQFc\" lang=\"es\">Han participado tres escuelas de Santpedor, y el objetivo es sumar otras nuevas en la pr\u00f3xima edici\u00f3n<\/span><\/em><\/strong><\/h2>\n<p>&nbsp;<\/p>\n<p>&nbsp;<\/p>\n<p>&nbsp;<\/p>\n<p>Este mes de abril, la escuela Jeroni de Moragas ha celebrado la tercera edici\u00f3n de los Premios Drac, unos galardones creados para reconocer actitudes y valores positivos que el alumnado demuestra a lo largo del curso. La entrega se llev\u00f3 a cabo en un acto que pone en valor el compromiso, el esfuerzo y el respeto entre compa\u00f1eros y compa\u00f1eras.<\/p>\n<p>&nbsp;<\/p>\n<p>Este a\u00f1o, los Premios Drac han vuelto a ser una oportunidad para visibilizar aquellas actitudes que contribuyen a crear un buen clima en el aula y favorecen la convivencia. El equipo educativo ha puesto de relieve la importancia de reconocer y celebrar los peque\u00f1os grandes gestos del d\u00eda a d\u00eda que contribuyen a hacer escuela.<\/p>\n<p>&nbsp;<\/p>\n<p>Los galardones se entregan de forma trimestral y se enmarcan en un proyecto m\u00e1s amplio de promoci\u00f3n de los valores, trabajado transversalmente con el alumnado. Los propios estudiantes participan activamente en el proceso de reflexi\u00f3n y elecci\u00f3n, favoreciendo la implicaci\u00f3n y la responsabilidad compartida.<\/p>\n<p>&nbsp;<\/p>\n<p>Los Premios Drac son una iniciativa propia del centro que, edici\u00f3n tras edici\u00f3n, refuerza el v\u00ednculo con las familias y hace crecer el sentimiento de pertenencia del alumnado a la escuela. El equipo docente de Jer\u00f3nimo de Moragas valora muy positivamente la continuidad del proyecto, que se consolida como una potente y transformadora herramienta pedag\u00f3gica.<\/p>\n<p>&nbsp;<\/p>\n<p>&nbsp;<\/p>\n","protected":false},"excerpt":{"rendered":"<p>&nbsp; Han participado tres escuelas de Santpedor, y el objetivo es sumar otras nuevas en la pr\u00f3xima edici\u00f3n &nbsp; &nbsp; &nbsp; Este mes de abril, la escuela Jeroni de Moragas ha celebrado la tercera edici\u00f3n de los Premios Drac, unos galardones creados para reconocer actitudes y valores positivos que el alumnado demuestra a lo largo [&hellip;]<\/p>\n","protected":false},"author":27,"featured_media":43740,"comment_status":"closed","ping_status":"open","sticky":false,"template":"","format":"standard","meta":{"_acf_changed":false,"inline_featured_image":false,"footnotes":""},"categories":[7],"tags":[],"ambit_actualitat":[31],"tipus_de_pagina":[130],"class_list":["post-43743","post","type-post","status-publish","format-standard","has-post-thumbnail","hentry","category-actualidad","ambit_actualitat-suport-acompanyament-actualitat","tipus_de_pagina-actualitat-es"],"acf":[],"yoast_head":"<!-- This site is optimized with the Yoast SEO plugin v27.4 - https:\/\/yoast.com\/product\/yoast-seo-wordpress\/ -->\n<title>La escuela Jeroni de Moragas entrega los Premios Drac, en su 3a edici\u00f3n | AMPANS<\/title>\n<meta name=\"robots\" content=\"index, follow, max-snippet:-1, max-image-preview:large, max-video-preview:-1\" \/>\n<link rel=\"canonical\" href=\"https:\/\/ampans.cat\/es\/actualidad\/la-escuela-jeroni-de-moragas-entrega-los-premios-drac-en-su-3a-edicion\/\" \/>\n<meta property=\"og:locale\" content=\"es_ES\" \/>\n<meta property=\"og:type\" content=\"article\" \/>\n<meta property=\"og:title\" content=\"La escuela Jeroni de Moragas entrega los Premios Drac, en su 3a edici\u00f3n | AMPANS\" \/>\n<meta property=\"og:description\" content=\"&nbsp; Han participado tres escuelas de Santpedor, y el objetivo es sumar otras nuevas en la pr\u00f3xima edici\u00f3n &nbsp; &nbsp; &nbsp; Este mes de abril, la escuela Jeroni de Moragas ha celebrado la tercera edici\u00f3n de los Premios Drac, unos galardones creados para reconocer actitudes y valores positivos que el alumnado demuestra a lo largo [&hellip;]\" \/>\n<meta property=\"og:url\" content=\"https:\/\/ampans.cat\/es\/actualidad\/la-escuela-jeroni-de-moragas-entrega-los-premios-drac-en-su-3a-edicion\/\" \/>\n<meta property=\"og:site_name\" content=\"AMPANS\" \/>\n<meta property=\"article:published_time\" content=\"2025-05-09T09:43:49+00:00\" \/>\n<meta property=\"og:image\" content=\"https:\/\/ampans.cat\/wp-content\/uploads\/2025\/05\/Premis-Drac-2025-scaled.jpg\" \/>\n\t<meta property=\"og:image:width\" content=\"2560\" \/>\n\t<meta property=\"og:image:height\" content=\"1920\" \/>\n\t<meta property=\"og:image:type\" content=\"image\/jpeg\" \/>\n<meta name=\"author\" content=\"jtubau\" \/>\n<meta name=\"twitter:card\" content=\"summary_large_image\" \/>\n<meta name=\"twitter:label1\" content=\"Escrito por\" \/>\n\t<meta name=\"twitter:data1\" content=\"jtubau\" \/>\n\t<meta name=\"twitter:label2\" content=\"Tiempo de lectura\" \/>\n\t<meta name=\"twitter:data2\" content=\"2 minutos\" \/>\n<script type=\"application\/ld+json\" class=\"yoast-schema-graph\">{\"@context\":\"https:\\\/\\\/schema.org\",\"@graph\":[{\"@type\":\"Article\",\"@id\":\"https:\\\/\\\/ampans.cat\\\/es\\\/actualidad\\\/la-escuela-jeroni-de-moragas-entrega-los-premios-drac-en-su-3a-edicion\\\/#article\",\"isPartOf\":{\"@id\":\"https:\\\/\\\/ampans.cat\\\/es\\\/actualidad\\\/la-escuela-jeroni-de-moragas-entrega-los-premios-drac-en-su-3a-edicion\\\/\"},\"author\":{\"name\":\"jtubau\",\"@id\":\"https:\\\/\\\/ampans.cat\\\/es\\\/#\\\/schema\\\/person\\\/a7995758513a749bdb83f768aeaba416\"},\"headline\":\"La escuela Jeroni de Moragas entrega los Premios Drac, en su 3a edici\u00f3n\",\"datePublished\":\"2025-05-09T09:43:49+00:00\",\"mainEntityOfPage\":{\"@id\":\"https:\\\/\\\/ampans.cat\\\/es\\\/actualidad\\\/la-escuela-jeroni-de-moragas-entrega-los-premios-drac-en-su-3a-edicion\\\/\"},\"wordCount\":273,\"publisher\":{\"@id\":\"https:\\\/\\\/ampans.cat\\\/es\\\/#organization\"},\"image\":{\"@id\":\"https:\\\/\\\/ampans.cat\\\/es\\\/actualidad\\\/la-escuela-jeroni-de-moragas-entrega-los-premios-drac-en-su-3a-edicion\\\/#primaryimage\"},\"thumbnailUrl\":\"https:\\\/\\\/ampans.cat\\\/wp-content\\\/uploads\\\/2025\\\/05\\\/Premis-Drac-2025-scaled.jpg\",\"articleSection\":[\"Actualidad\"],\"inLanguage\":\"es\"},{\"@type\":\"WebPage\",\"@id\":\"https:\\\/\\\/ampans.cat\\\/es\\\/actualidad\\\/la-escuela-jeroni-de-moragas-entrega-los-premios-drac-en-su-3a-edicion\\\/\",\"url\":\"https:\\\/\\\/ampans.cat\\\/es\\\/actualidad\\\/la-escuela-jeroni-de-moragas-entrega-los-premios-drac-en-su-3a-edicion\\\/\",\"name\":\"La escuela Jeroni de Moragas entrega los Premios Drac, en su 3a edici\u00f3n | AMPANS\",\"isPartOf\":{\"@id\":\"https:\\\/\\\/ampans.cat\\\/es\\\/#website\"},\"primaryImageOfPage\":{\"@id\":\"https:\\\/\\\/ampans.cat\\\/es\\\/actualidad\\\/la-escuela-jeroni-de-moragas-entrega-los-premios-drac-en-su-3a-edicion\\\/#primaryimage\"},\"image\":{\"@id\":\"https:\\\/\\\/ampans.cat\\\/es\\\/actualidad\\\/la-escuela-jeroni-de-moragas-entrega-los-premios-drac-en-su-3a-edicion\\\/#primaryimage\"},\"thumbnailUrl\":\"https:\\\/\\\/ampans.cat\\\/wp-content\\\/uploads\\\/2025\\\/05\\\/Premis-Drac-2025-scaled.jpg\",\"datePublished\":\"2025-05-09T09:43:49+00:00\",\"breadcrumb\":{\"@id\":\"https:\\\/\\\/ampans.cat\\\/es\\\/actualidad\\\/la-escuela-jeroni-de-moragas-entrega-los-premios-drac-en-su-3a-edicion\\\/#breadcrumb\"},\"inLanguage\":\"es\",\"potentialAction\":[{\"@type\":\"ReadAction\",\"target\":[\"https:\\\/\\\/ampans.cat\\\/es\\\/actualidad\\\/la-escuela-jeroni-de-moragas-entrega-los-premios-drac-en-su-3a-edicion\\\/\"]}]},{\"@type\":\"ImageObject\",\"inLanguage\":\"es\",\"@id\":\"https:\\\/\\\/ampans.cat\\\/es\\\/actualidad\\\/la-escuela-jeroni-de-moragas-entrega-los-premios-drac-en-su-3a-edicion\\\/#primaryimage\",\"url\":\"https:\\\/\\\/ampans.cat\\\/wp-content\\\/uploads\\\/2025\\\/05\\\/Premis-Drac-2025-scaled.jpg\",\"contentUrl\":\"https:\\\/\\\/ampans.cat\\\/wp-content\\\/uploads\\\/2025\\\/05\\\/Premis-Drac-2025-scaled.jpg\",\"width\":2560,\"height\":1920},{\"@type\":\"BreadcrumbList\",\"@id\":\"https:\\\/\\\/ampans.cat\\\/es\\\/actualidad\\\/la-escuela-jeroni-de-moragas-entrega-los-premios-drac-en-su-3a-edicion\\\/#breadcrumb\",\"itemListElement\":[{\"@type\":\"ListItem\",\"position\":1,\"name\":\"Home\",\"item\":\"https:\\\/\\\/ampans.cat\\\/es\\\/\"},{\"@type\":\"ListItem\",\"position\":2,\"name\":\"La escuela Jeroni de Moragas entrega los Premios Drac, en su 3a edici\u00f3n\"}]},{\"@type\":\"WebSite\",\"@id\":\"https:\\\/\\\/ampans.cat\\\/es\\\/#website\",\"url\":\"https:\\\/\\\/ampans.cat\\\/es\\\/\",\"name\":\"AMPANS\",\"description\":\"\",\"publisher\":{\"@id\":\"https:\\\/\\\/ampans.cat\\\/es\\\/#organization\"},\"potentialAction\":[{\"@type\":\"SearchAction\",\"target\":{\"@type\":\"EntryPoint\",\"urlTemplate\":\"https:\\\/\\\/ampans.cat\\\/es\\\/?s={search_term_string}\"},\"query-input\":{\"@type\":\"PropertyValueSpecification\",\"valueRequired\":true,\"valueName\":\"search_term_string\"}}],\"inLanguage\":\"es\"},{\"@type\":\"Organization\",\"@id\":\"https:\\\/\\\/ampans.cat\\\/es\\\/#organization\",\"name\":\"AMPANS\",\"url\":\"https:\\\/\\\/ampans.cat\\\/es\\\/\",\"logo\":{\"@type\":\"ImageObject\",\"inLanguage\":\"es\",\"@id\":\"https:\\\/\\\/ampans.cat\\\/es\\\/#\\\/schema\\\/logo\\\/image\\\/\",\"url\":\"https:\\\/\\\/ampans.cat\\\/wp-content\\\/uploads\\\/2022\\\/06\\\/animat-ampans-big.gif\",\"contentUrl\":\"https:\\\/\\\/ampans.cat\\\/wp-content\\\/uploads\\\/2022\\\/06\\\/animat-ampans-big.gif\",\"width\":1200,\"height\":312,\"caption\":\"AMPANS\"},\"image\":{\"@id\":\"https:\\\/\\\/ampans.cat\\\/es\\\/#\\\/schema\\\/logo\\\/image\\\/\"}},{\"@type\":\"Person\",\"@id\":\"https:\\\/\\\/ampans.cat\\\/es\\\/#\\\/schema\\\/person\\\/a7995758513a749bdb83f768aeaba416\",\"name\":\"jtubau\",\"image\":{\"@type\":\"ImageObject\",\"inLanguage\":\"es\",\"@id\":\"https:\\\/\\\/secure.gravatar.com\\\/avatar\\\/a46b0039e37c01320847bf7b4c4468e838aef28e37b3e3bae33923119edb7335?s=96&d=mm&r=g\",\"url\":\"https:\\\/\\\/secure.gravatar.com\\\/avatar\\\/a46b0039e37c01320847bf7b4c4468e838aef28e37b3e3bae33923119edb7335?s=96&d=mm&r=g\",\"contentUrl\":\"https:\\\/\\\/secure.gravatar.com\\\/avatar\\\/a46b0039e37c01320847bf7b4c4468e838aef28e37b3e3bae33923119edb7335?s=96&d=mm&r=g\",\"caption\":\"jtubau\"}}]}<\/script>\n<!-- \/ Yoast SEO plugin. -->","yoast_head_json":{"title":"La escuela Jeroni de Moragas entrega los Premios Drac, en su 3a edici\u00f3n | AMPANS","robots":{"index":"index","follow":"follow","max-snippet":"max-snippet:-1","max-image-preview":"max-image-preview:large","max-video-preview":"max-video-preview:-1"},"canonical":"https:\/\/ampans.cat\/es\/actualidad\/la-escuela-jeroni-de-moragas-entrega-los-premios-drac-en-su-3a-edicion\/","og_locale":"es_ES","og_type":"article","og_title":"La escuela Jeroni de Moragas entrega los Premios Drac, en su 3a edici\u00f3n | AMPANS","og_description":"&nbsp; Han participado tres escuelas de Santpedor, y el objetivo es sumar otras nuevas en la pr\u00f3xima edici\u00f3n &nbsp; &nbsp; &nbsp; Este mes de abril, la escuela Jeroni de Moragas ha celebrado la tercera edici\u00f3n de los Premios Drac, unos galardones creados para reconocer actitudes y valores positivos que el alumnado demuestra a lo largo [&hellip;]","og_url":"https:\/\/ampans.cat\/es\/actualidad\/la-escuela-jeroni-de-moragas-entrega-los-premios-drac-en-su-3a-edicion\/","og_site_name":"AMPANS","article_published_time":"2025-05-09T09:43:49+00:00","og_image":[{"width":2560,"height":1920,"url":"https:\/\/ampans.cat\/wp-content\/uploads\/2025\/05\/Premis-Drac-2025-scaled.jpg","type":"image\/jpeg"}],"author":"jtubau","twitter_card":"summary_large_image","twitter_misc":{"Escrito por":"jtubau","Tiempo de lectura":"2 minutos"},"schema":{"@context":"https:\/\/schema.org","@graph":[{"@type":"Article","@id":"https:\/\/ampans.cat\/es\/actualidad\/la-escuela-jeroni-de-moragas-entrega-los-premios-drac-en-su-3a-edicion\/#article","isPartOf":{"@id":"https:\/\/ampans.cat\/es\/actualidad\/la-escuela-jeroni-de-moragas-entrega-los-premios-drac-en-su-3a-edicion\/"},"author":{"name":"jtubau","@id":"https:\/\/ampans.cat\/es\/#\/schema\/person\/a7995758513a749bdb83f768aeaba416"},"headline":"La escuela Jeroni de Moragas entrega los Premios Drac, en su 3a edici\u00f3n","datePublished":"2025-05-09T09:43:49+00:00","mainEntityOfPage":{"@id":"https:\/\/ampans.cat\/es\/actualidad\/la-escuela-jeroni-de-moragas-entrega-los-premios-drac-en-su-3a-edicion\/"},"wordCount":273,"publisher":{"@id":"https:\/\/ampans.cat\/es\/#organization"},"image":{"@id":"https:\/\/ampans.cat\/es\/actualidad\/la-escuela-jeroni-de-moragas-entrega-los-premios-drac-en-su-3a-edicion\/#primaryimage"},"thumbnailUrl":"https:\/\/ampans.cat\/wp-content\/uploads\/2025\/05\/Premis-Drac-2025-scaled.jpg","articleSection":["Actualidad"],"inLanguage":"es"},{"@type":"WebPage","@id":"https:\/\/ampans.cat\/es\/actualidad\/la-escuela-jeroni-de-moragas-entrega-los-premios-drac-en-su-3a-edicion\/","url":"https:\/\/ampans.cat\/es\/actualidad\/la-escuela-jeroni-de-moragas-entrega-los-premios-drac-en-su-3a-edicion\/","name":"La escuela Jeroni de Moragas entrega los Premios Drac, en su 3a edici\u00f3n | AMPANS","isPartOf":{"@id":"https:\/\/ampans.cat\/es\/#website"},"primaryImageOfPage":{"@id":"https:\/\/ampans.cat\/es\/actualidad\/la-escuela-jeroni-de-moragas-entrega-los-premios-drac-en-su-3a-edicion\/#primaryimage"},"image":{"@id":"https:\/\/ampans.cat\/es\/actualidad\/la-escuela-jeroni-de-moragas-entrega-los-premios-drac-en-su-3a-edicion\/#primaryimage"},"thumbnailUrl":"https:\/\/ampans.cat\/wp-content\/uploads\/2025\/05\/Premis-Drac-2025-scaled.jpg","datePublished":"2025-05-09T09:43:49+00:00","breadcrumb":{"@id":"https:\/\/ampans.cat\/es\/actualidad\/la-escuela-jeroni-de-moragas-entrega-los-premios-drac-en-su-3a-edicion\/#breadcrumb"},"inLanguage":"es","potentialAction":[{"@type":"ReadAction","target":["https:\/\/ampans.cat\/es\/actualidad\/la-escuela-jeroni-de-moragas-entrega-los-premios-drac-en-su-3a-edicion\/"]}]},{"@type":"ImageObject","inLanguage":"es","@id":"https:\/\/ampans.cat\/es\/actualidad\/la-escuela-jeroni-de-moragas-entrega-los-premios-drac-en-su-3a-edicion\/#primaryimage","url":"https:\/\/ampans.cat\/wp-content\/uploads\/2025\/05\/Premis-Drac-2025-scaled.jpg","contentUrl":"https:\/\/ampans.cat\/wp-content\/uploads\/2025\/05\/Premis-Drac-2025-scaled.jpg","width":2560,"height":1920},{"@type":"BreadcrumbList","@id":"https:\/\/ampans.cat\/es\/actualidad\/la-escuela-jeroni-de-moragas-entrega-los-premios-drac-en-su-3a-edicion\/#breadcrumb","itemListElement":[{"@type":"ListItem","position":1,"name":"Home","item":"https:\/\/ampans.cat\/es\/"},{"@type":"ListItem","position":2,"name":"La escuela Jeroni de Moragas entrega los Premios Drac, en su 3a edici\u00f3n"}]},{"@type":"WebSite","@id":"https:\/\/ampans.cat\/es\/#website","url":"https:\/\/ampans.cat\/es\/","name":"AMPANS","description":"","publisher":{"@id":"https:\/\/ampans.cat\/es\/#organization"},"potentialAction":[{"@type":"SearchAction","target":{"@type":"EntryPoint","urlTemplate":"https:\/\/ampans.cat\/es\/?s={search_term_string}"},"query-input":{"@type":"PropertyValueSpecification","valueRequired":true,"valueName":"search_term_string"}}],"inLanguage":"es"},{"@type":"Organization","@id":"https:\/\/ampans.cat\/es\/#organization","name":"AMPANS","url":"https:\/\/ampans.cat\/es\/","logo":{"@type":"ImageObject","inLanguage":"es","@id":"https:\/\/ampans.cat\/es\/#\/schema\/logo\/image\/","url":"https:\/\/ampans.cat\/wp-content\/uploads\/2022\/06\/animat-ampans-big.gif","contentUrl":"https:\/\/ampans.cat\/wp-content\/uploads\/2022\/06\/animat-ampans-big.gif","width":1200,"height":312,"caption":"AMPANS"},"image":{"@id":"https:\/\/ampans.cat\/es\/#\/schema\/logo\/image\/"}},{"@type":"Person","@id":"https:\/\/ampans.cat\/es\/#\/schema\/person\/a7995758513a749bdb83f768aeaba416","name":"jtubau","image":{"@type":"ImageObject","inLanguage":"es","@id":"https:\/\/secure.gravatar.com\/avatar\/a46b0039e37c01320847bf7b4c4468e838aef28e37b3e3bae33923119edb7335?s=96&d=mm&r=g","url":"https:\/\/secure.gravatar.com\/avatar\/a46b0039e37c01320847bf7b4c4468e838aef28e37b3e3bae33923119edb7335?s=96&d=mm&r=g","contentUrl":"https:\/\/secure.gravatar.com\/avatar\/a46b0039e37c01320847bf7b4c4468e838aef28e37b3e3bae33923119edb7335?s=96&d=mm&r=g","caption":"jtubau"}}]}},"_links":{"self":[{"href":"https:\/\/ampans.cat\/es\/wp-json\/wp\/v2\/posts\/43743","targetHints":{"allow":["GET"]}}],"collection":[{"href":"https:\/\/ampans.cat\/es\/wp-json\/wp\/v2\/posts"}],"about":[{"href":"https:\/\/ampans.cat\/es\/wp-json\/wp\/v2\/types\/post"}],"author":[{"embeddable":true,"href":"https:\/\/ampans.cat\/es\/wp-json\/wp\/v2\/users\/27"}],"replies":[{"embeddable":true,"href":"https:\/\/ampans.cat\/es\/wp-json\/wp\/v2\/comments?post=43743"}],"version-history":[{"count":1,"href":"https:\/\/ampans.cat\/es\/wp-json\/wp\/v2\/posts\/43743\/revisions"}],"predecessor-version":[{"id":43744,"href":"https:\/\/ampans.cat\/es\/wp-json\/wp\/v2\/posts\/43743\/revisions\/43744"}],"wp:featuredmedia":[{"embeddable":true,"href":"https:\/\/ampans.cat\/es\/wp-json\/wp\/v2\/media\/43740"}],"wp:attachment":[{"href":"https:\/\/ampans.cat\/es\/wp-json\/wp\/v2\/media?parent=43743"}],"wp:term":[{"taxonomy":"category","embeddable":true,"href":"https:\/\/ampans.cat\/es\/wp-json\/wp\/v2\/categories?post=43743"},{"taxonomy":"post_tag","embeddable":true,"href":"https:\/\/ampans.cat\/es\/wp-json\/wp\/v2\/tags?post=43743"},{"taxonomy":"ambit_actualitat","embeddable":true,"href":"https:\/\/ampans.cat\/es\/wp-json\/wp\/v2\/ambit_actualitat?post=43743"},{"taxonomy":"tipus_de_pagina","embeddable":true,"href":"https:\/\/ampans.cat\/es\/wp-json\/wp\/v2\/tipus_de_pagina?post=43743"}],"curies":[{"name":"wp","href":"https:\/\/api.w.org\/{rel}","templated":true}]}}