{"id":41883,"date":"2025-02-19T13:20:06","date_gmt":"2025-02-19T11:20:06","guid":{"rendered":"https:\/\/ampans.cat\/?p=41883"},"modified":"2025-02-19T13:37:36","modified_gmt":"2025-02-19T11:37:36","slug":"hem-obert-un-servei-al-barri-antic-de-manresa-per-acompanyar-families-amb-fills-amb-discapacitat","status":"publish","type":"post","link":"https:\/\/ampans.cat\/es\/actualidad\/hem-obert-un-servei-al-barri-antic-de-manresa-per-acompanyar-families-amb-fills-amb-discapacitat\/","title":{"rendered":"Hemos abierto un servicio en Barri Antic de Manresa para acompa\u00f1ar a familias con hijos con discapacidad. Funcionar\u00e1 por las tardes."},"content":{"rendered":"<h2><\/h2>\n<h5 style=\"text-align: center;\"><em>Janeta Camps, Laura Ferreira, S\u00f2nia Orriols, Alba Cortina,\u00a0 Alba Guit\u00f3 i Marina Gonz\u00e1lez (Equipo impulsor AMPANS)<\/em><\/h5>\n<p>&nbsp;<\/p>\n<p>&nbsp;<\/p>\n<h2 style=\"text-align: center;\"><strong><em>\u201cEspai Cr\u00e9ixer<\/em><\/strong><em>\u201d da apoyo y recursos a las familias, y ofrece un programa de actividades para ni\u00f1os y j\u00f3venes en horario extraescolar<\/em><\/h2>\n<h2 style=\"text-align: center;\"><em>\u00a0<\/em><\/h2>\n<h2 style=\"text-align: center;\"><em>El proyecto forma parte de una convocatoria del Departament de <strong>Drets Socials<\/strong> para <strong>combatir la pobreza infantil<\/strong> en Manresa<\/em><\/h2>\n<p>&nbsp;<\/p>\n<p>Hemos puesto en marcha un nuevo servicio en el Barri Antic de Manresa con el objetivo de acompa\u00f1ar a familias con ni\u00f1os y j\u00f3venes con discapacidad intelectual. Con el nombre <strong>\u201cEspai Cr\u00e9ixer\u201d,<\/strong> el proyecto ofrece apoyo, recursos y un programa de actividades en horario de tarde.<\/p>\n<p>&nbsp;<\/p>\n<p>La iniciativa se enmarca en una convocatoria del <strong>Departament de Drets Socials<\/strong> para <strong>combatir la pobreza infantil<\/strong> y promover la inclusi\u00f3n social en el municipio. Este servicio, <strong>gratuito para las familias<\/strong>, tiene una duraci\u00f3n prevista de 12 meses, aunque la voluntad de la entidad es que se pueda mantener en el tiempo.<\/p>\n<p>&nbsp;<\/p>\n<p><strong>\u201cEspai Cr\u00e9ixer\u201d<\/strong> tiene como objetivo mejorar el bienestar de las familias, ofreciendo un punto de apoyo donde encontrar asesoramiento personalizado y herramientas para afrontar los retos cotidianos relacionados con la discapacidad intelectual. Adem\u00e1s, se desarrollar\u00e1 un programa de actividades para ni\u00f1os y j\u00f3venes, que incluir\u00e1 propuestas l\u00fadicas, educativas y de fomento de la autonom\u00eda personal. El nuevo servicio pretende:<\/p>\n<p>&nbsp;<\/p>\n<p>-Facilitar formaci\u00f3n y apoyo a las familias cuidadoras.<\/p>\n<p>-Acompa\u00f1ar al desarrollo, desde una \u00f3tica global, de las personas con discapacidad intelectual y trastornos de salud mental, con formaci\u00f3n espec\u00edfica.<\/p>\n<p>-Promover h\u00e1bitos saludables como la alimentaci\u00f3n equilibrada, a trav\u00e9s de acciones formativas.<\/p>\n<p>-Mejorar las habilidades comunicativas, impulsando el aprendizaje del catal\u00e1n entre familias reci\u00e9n llegadas que desconocen la lengua.<\/p>\n<p>-Promover la inclusi\u00f3n social, el voluntariado y el trabajo en red, facilitando el local como punto de encuentro.<\/p>\n<p>-Mejorar la calidad de vida de ni\u00f1os y adolescentes con discapacidad intelectual y enfermedad mental, mediante actividades de refuerzo educativo y l\u00fadicas.<\/p>\n<p>&nbsp;<\/p>\n<p><strong>Espai Cr\u00e9ixer<\/strong>, situado en la calle <strong>Puigterr\u00e0 de Dalt 30<\/strong>, abrir\u00e1 por las tardes de lunes a viernes, exceptuando festivos. Hemos puesto a disposici\u00f3n el tel\u00e9fono <strong>93 330 10 23 <\/strong>para que las familias interesadas puedan pedir informaci\u00f3n o concertar cita previa.<\/p>\n","protected":false},"excerpt":{"rendered":"<p>Janeta Camps, Laura Ferreira, S\u00f2nia Orriols, Alba Cortina,\u00a0 Alba Guit\u00f3 i Marina Gonz\u00e1lez (Equipo impulsor AMPANS) &nbsp; &nbsp; \u201cEspai Cr\u00e9ixer\u201d da apoyo y recursos a las familias, y ofrece un programa de actividades para ni\u00f1os y j\u00f3venes en horario extraescolar \u00a0 El proyecto forma parte de una convocatoria del Departament de Drets Socials para combatir [&hellip;]<\/p>\n","protected":false},"author":27,"featured_media":41884,"comment_status":"closed","ping_status":"open","sticky":false,"template":"","format":"standard","meta":{"_acf_changed":false,"inline_featured_image":false,"footnotes":""},"categories":[7],"tags":[],"ambit_actualitat":[31],"tipus_de_pagina":[130],"class_list":["post-41883","post","type-post","status-publish","format-standard","has-post-thumbnail","hentry","category-actualidad","ambit_actualitat-suport-acompanyament-actualitat","tipus_de_pagina-actualitat-es"],"acf":[],"yoast_head":"<!-- This site is optimized with the Yoast SEO plugin v27.4 - https:\/\/yoast.com\/product\/yoast-seo-wordpress\/ -->\n<title>Hemos abierto un servicio en Barri Antic de Manresa para acompa\u00f1ar a familias con hijos con discapacidad. Funcionar\u00e1 por las tardes. | AMPANS<\/title>\n<meta name=\"robots\" content=\"index, follow, max-snippet:-1, max-image-preview:large, max-video-preview:-1\" \/>\n<link rel=\"canonical\" href=\"https:\/\/ampans.cat\/es\/actualidad\/hem-obert-un-servei-al-barri-antic-de-manresa-per-acompanyar-families-amb-fills-amb-discapacitat\/\" \/>\n<meta property=\"og:locale\" content=\"es_ES\" \/>\n<meta property=\"og:type\" content=\"article\" \/>\n<meta property=\"og:title\" content=\"Hemos abierto un servicio en Barri Antic de Manresa para acompa\u00f1ar a familias con hijos con discapacidad. Funcionar\u00e1 por las tardes. | AMPANS\" \/>\n<meta property=\"og:description\" content=\"Janeta Camps, Laura Ferreira, S\u00f2nia Orriols, Alba Cortina,\u00a0 Alba Guit\u00f3 i Marina Gonz\u00e1lez (Equipo impulsor AMPANS) &nbsp; &nbsp; \u201cEspai Cr\u00e9ixer\u201d da apoyo y recursos a las familias, y ofrece un programa de actividades para ni\u00f1os y j\u00f3venes en horario extraescolar \u00a0 El proyecto forma parte de una convocatoria del Departament de Drets Socials para combatir [&hellip;]\" \/>\n<meta property=\"og:url\" content=\"https:\/\/ampans.cat\/es\/actualidad\/hem-obert-un-servei-al-barri-antic-de-manresa-per-acompanyar-families-amb-fills-amb-discapacitat\/\" \/>\n<meta property=\"og:site_name\" content=\"AMPANS\" \/>\n<meta property=\"article:published_time\" content=\"2025-02-19T11:20:06+00:00\" \/>\n<meta property=\"article:modified_time\" content=\"2025-02-19T11:37:36+00:00\" \/>\n<meta property=\"og:image\" content=\"https:\/\/ampans.cat\/wp-content\/uploads\/2025\/02\/Espai-Creixer_AMPANS_obertura_equip-scaled.jpg\" \/>\n\t<meta property=\"og:image:width\" content=\"2560\" \/>\n\t<meta property=\"og:image:height\" content=\"1182\" \/>\n\t<meta property=\"og:image:type\" content=\"image\/jpeg\" \/>\n<meta name=\"author\" content=\"jtubau\" \/>\n<meta name=\"twitter:card\" content=\"summary_large_image\" \/>\n<meta name=\"twitter:label1\" content=\"Escrito por\" \/>\n\t<meta name=\"twitter:data1\" content=\"jtubau\" \/>\n\t<meta name=\"twitter:label2\" content=\"Tiempo de lectura\" \/>\n\t<meta name=\"twitter:data2\" content=\"3 minutos\" \/>\n<script type=\"application\/ld+json\" class=\"yoast-schema-graph\">{\"@context\":\"https:\\\/\\\/schema.org\",\"@graph\":[{\"@type\":\"Article\",\"@id\":\"https:\\\/\\\/ampans.cat\\\/es\\\/actualidad\\\/hem-obert-un-servei-al-barri-antic-de-manresa-per-acompanyar-families-amb-fills-amb-discapacitat\\\/#article\",\"isPartOf\":{\"@id\":\"https:\\\/\\\/ampans.cat\\\/es\\\/actualidad\\\/hem-obert-un-servei-al-barri-antic-de-manresa-per-acompanyar-families-amb-fills-amb-discapacitat\\\/\"},\"author\":{\"name\":\"jtubau\",\"@id\":\"https:\\\/\\\/ampans.cat\\\/es\\\/#\\\/schema\\\/person\\\/a7995758513a749bdb83f768aeaba416\"},\"headline\":\"Hemos abierto un servicio en Barri Antic de Manresa para acompa\u00f1ar a familias con hijos con discapacidad. Funcionar\u00e1 por las tardes.\",\"datePublished\":\"2025-02-19T11:20:06+00:00\",\"dateModified\":\"2025-02-19T11:37:36+00:00\",\"mainEntityOfPage\":{\"@id\":\"https:\\\/\\\/ampans.cat\\\/es\\\/actualidad\\\/hem-obert-un-servei-al-barri-antic-de-manresa-per-acompanyar-families-amb-fills-amb-discapacitat\\\/\"},\"wordCount\":410,\"publisher\":{\"@id\":\"https:\\\/\\\/ampans.cat\\\/es\\\/#organization\"},\"image\":{\"@id\":\"https:\\\/\\\/ampans.cat\\\/es\\\/actualidad\\\/hem-obert-un-servei-al-barri-antic-de-manresa-per-acompanyar-families-amb-fills-amb-discapacitat\\\/#primaryimage\"},\"thumbnailUrl\":\"https:\\\/\\\/ampans.cat\\\/wp-content\\\/uploads\\\/2025\\\/02\\\/Espai-Creixer_AMPANS_obertura_equip-scaled.jpg\",\"articleSection\":[\"Actualidad\"],\"inLanguage\":\"es\"},{\"@type\":\"WebPage\",\"@id\":\"https:\\\/\\\/ampans.cat\\\/es\\\/actualidad\\\/hem-obert-un-servei-al-barri-antic-de-manresa-per-acompanyar-families-amb-fills-amb-discapacitat\\\/\",\"url\":\"https:\\\/\\\/ampans.cat\\\/es\\\/actualidad\\\/hem-obert-un-servei-al-barri-antic-de-manresa-per-acompanyar-families-amb-fills-amb-discapacitat\\\/\",\"name\":\"Hemos abierto un servicio en Barri Antic de Manresa para acompa\u00f1ar a familias con hijos con discapacidad. Funcionar\u00e1 por las tardes. | AMPANS\",\"isPartOf\":{\"@id\":\"https:\\\/\\\/ampans.cat\\\/es\\\/#website\"},\"primaryImageOfPage\":{\"@id\":\"https:\\\/\\\/ampans.cat\\\/es\\\/actualidad\\\/hem-obert-un-servei-al-barri-antic-de-manresa-per-acompanyar-families-amb-fills-amb-discapacitat\\\/#primaryimage\"},\"image\":{\"@id\":\"https:\\\/\\\/ampans.cat\\\/es\\\/actualidad\\\/hem-obert-un-servei-al-barri-antic-de-manresa-per-acompanyar-families-amb-fills-amb-discapacitat\\\/#primaryimage\"},\"thumbnailUrl\":\"https:\\\/\\\/ampans.cat\\\/wp-content\\\/uploads\\\/2025\\\/02\\\/Espai-Creixer_AMPANS_obertura_equip-scaled.jpg\",\"datePublished\":\"2025-02-19T11:20:06+00:00\",\"dateModified\":\"2025-02-19T11:37:36+00:00\",\"breadcrumb\":{\"@id\":\"https:\\\/\\\/ampans.cat\\\/es\\\/actualidad\\\/hem-obert-un-servei-al-barri-antic-de-manresa-per-acompanyar-families-amb-fills-amb-discapacitat\\\/#breadcrumb\"},\"inLanguage\":\"es\",\"potentialAction\":[{\"@type\":\"ReadAction\",\"target\":[\"https:\\\/\\\/ampans.cat\\\/es\\\/actualidad\\\/hem-obert-un-servei-al-barri-antic-de-manresa-per-acompanyar-families-amb-fills-amb-discapacitat\\\/\"]}]},{\"@type\":\"ImageObject\",\"inLanguage\":\"es\",\"@id\":\"https:\\\/\\\/ampans.cat\\\/es\\\/actualidad\\\/hem-obert-un-servei-al-barri-antic-de-manresa-per-acompanyar-families-amb-fills-amb-discapacitat\\\/#primaryimage\",\"url\":\"https:\\\/\\\/ampans.cat\\\/wp-content\\\/uploads\\\/2025\\\/02\\\/Espai-Creixer_AMPANS_obertura_equip-scaled.jpg\",\"contentUrl\":\"https:\\\/\\\/ampans.cat\\\/wp-content\\\/uploads\\\/2025\\\/02\\\/Espai-Creixer_AMPANS_obertura_equip-scaled.jpg\",\"width\":2560,\"height\":1182},{\"@type\":\"BreadcrumbList\",\"@id\":\"https:\\\/\\\/ampans.cat\\\/es\\\/actualidad\\\/hem-obert-un-servei-al-barri-antic-de-manresa-per-acompanyar-families-amb-fills-amb-discapacitat\\\/#breadcrumb\",\"itemListElement\":[{\"@type\":\"ListItem\",\"position\":1,\"name\":\"Home\",\"item\":\"https:\\\/\\\/ampans.cat\\\/es\\\/\"},{\"@type\":\"ListItem\",\"position\":2,\"name\":\"Hemos abierto un servicio en Barri Antic de Manresa para acompa\u00f1ar a familias con hijos con discapacidad. Funcionar\u00e1 por las tardes.\"}]},{\"@type\":\"WebSite\",\"@id\":\"https:\\\/\\\/ampans.cat\\\/es\\\/#website\",\"url\":\"https:\\\/\\\/ampans.cat\\\/es\\\/\",\"name\":\"AMPANS\",\"description\":\"\",\"publisher\":{\"@id\":\"https:\\\/\\\/ampans.cat\\\/es\\\/#organization\"},\"potentialAction\":[{\"@type\":\"SearchAction\",\"target\":{\"@type\":\"EntryPoint\",\"urlTemplate\":\"https:\\\/\\\/ampans.cat\\\/es\\\/?s={search_term_string}\"},\"query-input\":{\"@type\":\"PropertyValueSpecification\",\"valueRequired\":true,\"valueName\":\"search_term_string\"}}],\"inLanguage\":\"es\"},{\"@type\":\"Organization\",\"@id\":\"https:\\\/\\\/ampans.cat\\\/es\\\/#organization\",\"name\":\"AMPANS\",\"url\":\"https:\\\/\\\/ampans.cat\\\/es\\\/\",\"logo\":{\"@type\":\"ImageObject\",\"inLanguage\":\"es\",\"@id\":\"https:\\\/\\\/ampans.cat\\\/es\\\/#\\\/schema\\\/logo\\\/image\\\/\",\"url\":\"https:\\\/\\\/ampans.cat\\\/wp-content\\\/uploads\\\/2022\\\/06\\\/animat-ampans-big.gif\",\"contentUrl\":\"https:\\\/\\\/ampans.cat\\\/wp-content\\\/uploads\\\/2022\\\/06\\\/animat-ampans-big.gif\",\"width\":1200,\"height\":312,\"caption\":\"AMPANS\"},\"image\":{\"@id\":\"https:\\\/\\\/ampans.cat\\\/es\\\/#\\\/schema\\\/logo\\\/image\\\/\"}},{\"@type\":\"Person\",\"@id\":\"https:\\\/\\\/ampans.cat\\\/es\\\/#\\\/schema\\\/person\\\/a7995758513a749bdb83f768aeaba416\",\"name\":\"jtubau\",\"image\":{\"@type\":\"ImageObject\",\"inLanguage\":\"es\",\"@id\":\"https:\\\/\\\/secure.gravatar.com\\\/avatar\\\/a46b0039e37c01320847bf7b4c4468e838aef28e37b3e3bae33923119edb7335?s=96&d=mm&r=g\",\"url\":\"https:\\\/\\\/secure.gravatar.com\\\/avatar\\\/a46b0039e37c01320847bf7b4c4468e838aef28e37b3e3bae33923119edb7335?s=96&d=mm&r=g\",\"contentUrl\":\"https:\\\/\\\/secure.gravatar.com\\\/avatar\\\/a46b0039e37c01320847bf7b4c4468e838aef28e37b3e3bae33923119edb7335?s=96&d=mm&r=g\",\"caption\":\"jtubau\"}}]}<\/script>\n<!-- \/ Yoast SEO plugin. -->","yoast_head_json":{"title":"Hemos abierto un servicio en Barri Antic de Manresa para acompa\u00f1ar a familias con hijos con discapacidad. Funcionar\u00e1 por las tardes. | AMPANS","robots":{"index":"index","follow":"follow","max-snippet":"max-snippet:-1","max-image-preview":"max-image-preview:large","max-video-preview":"max-video-preview:-1"},"canonical":"https:\/\/ampans.cat\/es\/actualidad\/hem-obert-un-servei-al-barri-antic-de-manresa-per-acompanyar-families-amb-fills-amb-discapacitat\/","og_locale":"es_ES","og_type":"article","og_title":"Hemos abierto un servicio en Barri Antic de Manresa para acompa\u00f1ar a familias con hijos con discapacidad. Funcionar\u00e1 por las tardes. | AMPANS","og_description":"Janeta Camps, Laura Ferreira, S\u00f2nia Orriols, Alba Cortina,\u00a0 Alba Guit\u00f3 i Marina Gonz\u00e1lez (Equipo impulsor AMPANS) &nbsp; &nbsp; \u201cEspai Cr\u00e9ixer\u201d da apoyo y recursos a las familias, y ofrece un programa de actividades para ni\u00f1os y j\u00f3venes en horario extraescolar \u00a0 El proyecto forma parte de una convocatoria del Departament de Drets Socials para combatir [&hellip;]","og_url":"https:\/\/ampans.cat\/es\/actualidad\/hem-obert-un-servei-al-barri-antic-de-manresa-per-acompanyar-families-amb-fills-amb-discapacitat\/","og_site_name":"AMPANS","article_published_time":"2025-02-19T11:20:06+00:00","article_modified_time":"2025-02-19T11:37:36+00:00","og_image":[{"width":2560,"height":1182,"url":"https:\/\/ampans.cat\/wp-content\/uploads\/2025\/02\/Espai-Creixer_AMPANS_obertura_equip-scaled.jpg","type":"image\/jpeg"}],"author":"jtubau","twitter_card":"summary_large_image","twitter_misc":{"Escrito por":"jtubau","Tiempo de lectura":"3 minutos"},"schema":{"@context":"https:\/\/schema.org","@graph":[{"@type":"Article","@id":"https:\/\/ampans.cat\/es\/actualidad\/hem-obert-un-servei-al-barri-antic-de-manresa-per-acompanyar-families-amb-fills-amb-discapacitat\/#article","isPartOf":{"@id":"https:\/\/ampans.cat\/es\/actualidad\/hem-obert-un-servei-al-barri-antic-de-manresa-per-acompanyar-families-amb-fills-amb-discapacitat\/"},"author":{"name":"jtubau","@id":"https:\/\/ampans.cat\/es\/#\/schema\/person\/a7995758513a749bdb83f768aeaba416"},"headline":"Hemos abierto un servicio en Barri Antic de Manresa para acompa\u00f1ar a familias con hijos con discapacidad. Funcionar\u00e1 por las tardes.","datePublished":"2025-02-19T11:20:06+00:00","dateModified":"2025-02-19T11:37:36+00:00","mainEntityOfPage":{"@id":"https:\/\/ampans.cat\/es\/actualidad\/hem-obert-un-servei-al-barri-antic-de-manresa-per-acompanyar-families-amb-fills-amb-discapacitat\/"},"wordCount":410,"publisher":{"@id":"https:\/\/ampans.cat\/es\/#organization"},"image":{"@id":"https:\/\/ampans.cat\/es\/actualidad\/hem-obert-un-servei-al-barri-antic-de-manresa-per-acompanyar-families-amb-fills-amb-discapacitat\/#primaryimage"},"thumbnailUrl":"https:\/\/ampans.cat\/wp-content\/uploads\/2025\/02\/Espai-Creixer_AMPANS_obertura_equip-scaled.jpg","articleSection":["Actualidad"],"inLanguage":"es"},{"@type":"WebPage","@id":"https:\/\/ampans.cat\/es\/actualidad\/hem-obert-un-servei-al-barri-antic-de-manresa-per-acompanyar-families-amb-fills-amb-discapacitat\/","url":"https:\/\/ampans.cat\/es\/actualidad\/hem-obert-un-servei-al-barri-antic-de-manresa-per-acompanyar-families-amb-fills-amb-discapacitat\/","name":"Hemos abierto un servicio en Barri Antic de Manresa para acompa\u00f1ar a familias con hijos con discapacidad. Funcionar\u00e1 por las tardes. | AMPANS","isPartOf":{"@id":"https:\/\/ampans.cat\/es\/#website"},"primaryImageOfPage":{"@id":"https:\/\/ampans.cat\/es\/actualidad\/hem-obert-un-servei-al-barri-antic-de-manresa-per-acompanyar-families-amb-fills-amb-discapacitat\/#primaryimage"},"image":{"@id":"https:\/\/ampans.cat\/es\/actualidad\/hem-obert-un-servei-al-barri-antic-de-manresa-per-acompanyar-families-amb-fills-amb-discapacitat\/#primaryimage"},"thumbnailUrl":"https:\/\/ampans.cat\/wp-content\/uploads\/2025\/02\/Espai-Creixer_AMPANS_obertura_equip-scaled.jpg","datePublished":"2025-02-19T11:20:06+00:00","dateModified":"2025-02-19T11:37:36+00:00","breadcrumb":{"@id":"https:\/\/ampans.cat\/es\/actualidad\/hem-obert-un-servei-al-barri-antic-de-manresa-per-acompanyar-families-amb-fills-amb-discapacitat\/#breadcrumb"},"inLanguage":"es","potentialAction":[{"@type":"ReadAction","target":["https:\/\/ampans.cat\/es\/actualidad\/hem-obert-un-servei-al-barri-antic-de-manresa-per-acompanyar-families-amb-fills-amb-discapacitat\/"]}]},{"@type":"ImageObject","inLanguage":"es","@id":"https:\/\/ampans.cat\/es\/actualidad\/hem-obert-un-servei-al-barri-antic-de-manresa-per-acompanyar-families-amb-fills-amb-discapacitat\/#primaryimage","url":"https:\/\/ampans.cat\/wp-content\/uploads\/2025\/02\/Espai-Creixer_AMPANS_obertura_equip-scaled.jpg","contentUrl":"https:\/\/ampans.cat\/wp-content\/uploads\/2025\/02\/Espai-Creixer_AMPANS_obertura_equip-scaled.jpg","width":2560,"height":1182},{"@type":"BreadcrumbList","@id":"https:\/\/ampans.cat\/es\/actualidad\/hem-obert-un-servei-al-barri-antic-de-manresa-per-acompanyar-families-amb-fills-amb-discapacitat\/#breadcrumb","itemListElement":[{"@type":"ListItem","position":1,"name":"Home","item":"https:\/\/ampans.cat\/es\/"},{"@type":"ListItem","position":2,"name":"Hemos abierto un servicio en Barri Antic de Manresa para acompa\u00f1ar a familias con hijos con discapacidad. Funcionar\u00e1 por las tardes."}]},{"@type":"WebSite","@id":"https:\/\/ampans.cat\/es\/#website","url":"https:\/\/ampans.cat\/es\/","name":"AMPANS","description":"","publisher":{"@id":"https:\/\/ampans.cat\/es\/#organization"},"potentialAction":[{"@type":"SearchAction","target":{"@type":"EntryPoint","urlTemplate":"https:\/\/ampans.cat\/es\/?s={search_term_string}"},"query-input":{"@type":"PropertyValueSpecification","valueRequired":true,"valueName":"search_term_string"}}],"inLanguage":"es"},{"@type":"Organization","@id":"https:\/\/ampans.cat\/es\/#organization","name":"AMPANS","url":"https:\/\/ampans.cat\/es\/","logo":{"@type":"ImageObject","inLanguage":"es","@id":"https:\/\/ampans.cat\/es\/#\/schema\/logo\/image\/","url":"https:\/\/ampans.cat\/wp-content\/uploads\/2022\/06\/animat-ampans-big.gif","contentUrl":"https:\/\/ampans.cat\/wp-content\/uploads\/2022\/06\/animat-ampans-big.gif","width":1200,"height":312,"caption":"AMPANS"},"image":{"@id":"https:\/\/ampans.cat\/es\/#\/schema\/logo\/image\/"}},{"@type":"Person","@id":"https:\/\/ampans.cat\/es\/#\/schema\/person\/a7995758513a749bdb83f768aeaba416","name":"jtubau","image":{"@type":"ImageObject","inLanguage":"es","@id":"https:\/\/secure.gravatar.com\/avatar\/a46b0039e37c01320847bf7b4c4468e838aef28e37b3e3bae33923119edb7335?s=96&d=mm&r=g","url":"https:\/\/secure.gravatar.com\/avatar\/a46b0039e37c01320847bf7b4c4468e838aef28e37b3e3bae33923119edb7335?s=96&d=mm&r=g","contentUrl":"https:\/\/secure.gravatar.com\/avatar\/a46b0039e37c01320847bf7b4c4468e838aef28e37b3e3bae33923119edb7335?s=96&d=mm&r=g","caption":"jtubau"}}]}},"_links":{"self":[{"href":"https:\/\/ampans.cat\/es\/wp-json\/wp\/v2\/posts\/41883","targetHints":{"allow":["GET"]}}],"collection":[{"href":"https:\/\/ampans.cat\/es\/wp-json\/wp\/v2\/posts"}],"about":[{"href":"https:\/\/ampans.cat\/es\/wp-json\/wp\/v2\/types\/post"}],"author":[{"embeddable":true,"href":"https:\/\/ampans.cat\/es\/wp-json\/wp\/v2\/users\/27"}],"replies":[{"embeddable":true,"href":"https:\/\/ampans.cat\/es\/wp-json\/wp\/v2\/comments?post=41883"}],"version-history":[{"count":4,"href":"https:\/\/ampans.cat\/es\/wp-json\/wp\/v2\/posts\/41883\/revisions"}],"predecessor-version":[{"id":41897,"href":"https:\/\/ampans.cat\/es\/wp-json\/wp\/v2\/posts\/41883\/revisions\/41897"}],"wp:featuredmedia":[{"embeddable":true,"href":"https:\/\/ampans.cat\/es\/wp-json\/wp\/v2\/media\/41884"}],"wp:attachment":[{"href":"https:\/\/ampans.cat\/es\/wp-json\/wp\/v2\/media?parent=41883"}],"wp:term":[{"taxonomy":"category","embeddable":true,"href":"https:\/\/ampans.cat\/es\/wp-json\/wp\/v2\/categories?post=41883"},{"taxonomy":"post_tag","embeddable":true,"href":"https:\/\/ampans.cat\/es\/wp-json\/wp\/v2\/tags?post=41883"},{"taxonomy":"ambit_actualitat","embeddable":true,"href":"https:\/\/ampans.cat\/es\/wp-json\/wp\/v2\/ambit_actualitat?post=41883"},{"taxonomy":"tipus_de_pagina","embeddable":true,"href":"https:\/\/ampans.cat\/es\/wp-json\/wp\/v2\/tipus_de_pagina?post=41883"}],"curies":[{"name":"wp","href":"https:\/\/api.w.org\/{rel}","templated":true}]}}