{"id":10276,"date":"2021-11-08T00:00:00","date_gmt":"2021-11-08T00:00:00","guid":{"rendered":"https:\/\/ampans.cat\/ya-es-oficial-el-barca-genuine-es-el-nuevo-equipo-del-fc-barcelona-y-formamos-parte-de-el\/"},"modified":"2021-11-08T00:00:00","modified_gmt":"2021-11-08T00:00:00","slug":"ya-es-oficial-el-barca-genuine-es-el-nuevo-equipo-del-fc-barcelona-y-formamos-parte-de-el","status":"publish","type":"post","link":"https:\/\/ampans.cat\/es\/actualidad\/ya-es-oficial-el-barca-genuine-es-el-nuevo-equipo-del-fc-barcelona-y-formamos-parte-de-el\/","title":{"rendered":"Ya es oficial, el Bar\u00e7a Genuine es el nuevo equipo del FC Barcelona y formamos parte de \u00e9l"},"content":{"rendered":"<p>Joan Laporta ha presidido el acto de presentaci\u00f3n oficial acompa\u00f1ado por la directora general de la Fundaci\u00f3n FC Barcelona, la Dra. Marta Seg\u00fa Hoy hemos asistido a la presentaci\u00f3n e inicio de temporada del Bar\u00e7a Genuine, el nuevo equipo del FC Barcelona del que formamos parte. Vladi, Jenni y Pablo son jugadores de este nuevo equipo integrado por personas en situaci\u00f3n de discapacidad intelectual. As\u00ed, el FC Barcelona tiene hoy oficialmente un nuevo equipo de f\u00fatbol, el Fundaci\u00f3n Bar\u00e7a Genuine, que ha sido presentado esta tarde con todos los honores en la Ciudad Deportiva Joan Gamper, en un acto presidido por Joan Laporta, presidente del FC Barcelona y de la Fundaci\u00f3 , acompa\u00f1ado de la Dra. Marta Seg\u00fa, directora general de la Fundaci\u00f3n FC Barcelona, Alexia Putellas, jugadora del primer equipo femenino, y Gerard Piqu\u00e9, jugador del primer equipo masculino, y varios miembros del Patronato de la Fundaci\u00f3n de la directiva del Club. Con una ceremonia muy similar a la que llevan a cabo todas las secciones del Club el d\u00eda de su presentaci\u00f3n, los 24 jugadores y jugadoras (20 chicos y 4 chicas con discapacidad intelectual) que forman parte del equipo han ido apareciendo en el campo con su camiseta oficial y en un ambiente muy festivo y muy emotivo. Tambi\u00e9n lo ha hecho el staff, formado por seis entrenadores y un grupo de personas voluntarias. Alexia Putellas y Gerard Piqu\u00e9 ser\u00e1n los embajadores de este nuevo equipo del FC Barcelona que participar\u00e1 en la Liga Genuine, una competici\u00f3n organizada por la Fundaci\u00f3n LaLiga en la que se valoran los goles y, tambi\u00e9n, de forma muy especial, la deportividad, el juego limpio, el trabajo en equipo, el respeto, la superaci\u00f3n, y no s\u00f3lo de los jugadores y jugadoras, sino tambi\u00e9n del staff t\u00e9cnico y la afici\u00f3n. La competici\u00f3n tiene como objetivo avanzar hacia la integraci\u00f3n y la inclusi\u00f3n de personas con otras capacidades en el mundo del deporte y est\u00e1 formada por equipos representantes de clubs miembros de la LFP. Durante las \u00faltimas semanas han disputado varios partidos amistosos con los siguientes equipos: Club Gimn\u00e0stic de Tarragona, Estel-Fundaci\u00f3 UE VI, Uni\u00f3 Esportiva Sant Andreu, Uni\u00f3 Esportiva Cornell\u00e0, Club de Futbol Mollet Uni\u00f3 Esportiva y Club Esportiu Europa. Este nuevo proyecto cuenta con nuestra colaboraci\u00f3n, as\u00ed como con la de otras entidades que trabajan con personas con discapacidad: Fundaci\u00f3n Cruyff, Aura Fundaci\u00f3n, Fundaci\u00f3n Apinas, Fundaci\u00f3n Sant Tom\u00e0s, Fundaci\u00f3n Cassi\u00e0 Just &#8211; Cocina Justa y la Pe\u00f1a Special Bar\u00e7a. Declaraciones de Joan Laporta, presidente del FC Barcelona y de la Fundaci\u00f3n \u201cHoy es un d\u00eda muy emocionante porque tenemos un nuevo equipo en el Club. Pero no es un equipo cualquiera, es un equipo del que debemos tomar ejemplo. Porque todos ellos son personas que han tenido que luchar mucho m\u00e1s que otros muchos para poder llegar a hacer cosas que nos parecen normales. Todos ellos son ejemplos de superaci\u00f3n y seguro que sus familias, que han venido hoy a acompa\u00f1arlos, son un buen testimonio. Proyectos como \u00e9ste ayudan mucho a concienciar a nuestra sociedad de que todos somos iguales y todos tenemos los mismos derechos\u201d. Declaraciones de Marta Seg\u00fa, directora general de la Fundaci\u00f3n FC Barcelona \u201cComo sab\u00e9is esta competici\u00f3n es muy diferente a una Liga como la entendemos hasta ahora y tiene el componente de inclusi\u00f3n social. Este equipo formado por chicos y chicas con otras capacidades competir\u00e1 por ganar marcando m\u00e1s goles que el rival, pero tambi\u00e9n ganar\u00e1 el que lo haga con m\u00e1s deportividad, con respeto por los rivales, con humildad, con esfuerzo, con ambici\u00f3n positiva y con trabajo en equipo. Es uno de los proyectos m\u00e1s ilusionantes que hemos realizado en esta nueva etapa de la Fundaci\u00f3n que tengo la responsabilidad de dirigir\u201d. Declaraciones de Alexia Putellas, jugadora del primer equipo femenino \u201cCuando me propusieron ser embajadora no dud\u00e9 ni un momento en decir que s\u00ed porque creo que es un proyecto muy bueno para todo lo que representa: igualdad y derechos de las personas. A menudo no somos conscientes de que nuestra sociedad est\u00e1 formada por personas que todas somos distintas, cada uno es un ser individual y diferente a los dem\u00e1s. Y debemos poder convivir con total normalidad con la diferencia\u201d. Declaraciones de Gerard Piqu\u00e9, jugador del primer equipo masculino \u201cMe hace mucha ilusi\u00f3n estar hoy aqu\u00ed como embajador del equipo Fundaci\u00f3n Bar\u00e7a Genuine. Hay ideas y propuestas en el mundo del deporte que son muy necesarias, casi obligadas, y creo que competiciones como la Liga Genuine lo son. Y por tanto considero muy acertado que ahora nuestro club participe con este equipo que hemos formado. Como sociedad debemos avanzar hacia un mundo m\u00e1s tolerante, inclusivo y justo. Donde todas las personas seamos respetadas y tengamos nuestros derechos y deberes, por supuesto. Iniciativas como estas ayudan mucho\u201d.<\/p>\n","protected":false},"excerpt":{"rendered":"<p>Joan Laporta ha presidido el acto de presentaci\u00f3n oficial acompa\u00f1ado por la directora general de la Fundaci\u00f3n FC Barcelona, la Dra. Marta Seg\u00fa Hoy hemos asistido a la presentaci\u00f3n e inicio de temporada del Bar\u00e7a Genuine, el nuevo equipo del FC Barcelona del que formamos parte. Vladi, Jenni y Pablo son jugadores de este nuevo [&hellip;]<\/p>\n","protected":false},"author":16,"featured_media":8936,"comment_status":"closed","ping_status":"open","sticky":false,"template":"","format":"standard","meta":{"_acf_changed":false,"inline_featured_image":false,"footnotes":""},"categories":[7],"tags":[],"ambit_actualitat":[],"tipus_de_pagina":[130],"class_list":["post-10276","post","type-post","status-publish","format-standard","has-post-thumbnail","hentry","category-actualidad","tipus_de_pagina-actualitat-es"],"acf":[],"yoast_head":"<!-- This site is optimized with the Yoast SEO plugin v27.4 - https:\/\/yoast.com\/product\/yoast-seo-wordpress\/ -->\n<title>Ya es oficial, el Bar\u00e7a Genuine es el nuevo equipo del FC Barcelona y formamos parte de \u00e9l | AMPANS<\/title>\n<meta name=\"robots\" content=\"index, follow, max-snippet:-1, max-image-preview:large, max-video-preview:-1\" \/>\n<link rel=\"canonical\" href=\"https:\/\/ampans.cat\/es\/actualidad\/ya-es-oficial-el-barca-genuine-es-el-nuevo-equipo-del-fc-barcelona-y-formamos-parte-de-el\/\" \/>\n<meta property=\"og:locale\" content=\"es_ES\" \/>\n<meta property=\"og:type\" content=\"article\" \/>\n<meta property=\"og:title\" content=\"Ya es oficial, el Bar\u00e7a Genuine es el nuevo equipo del FC Barcelona y formamos parte de \u00e9l | AMPANS\" \/>\n<meta property=\"og:description\" content=\"Joan Laporta ha presidido el acto de presentaci\u00f3n oficial acompa\u00f1ado por la directora general de la Fundaci\u00f3n FC Barcelona, la Dra. Marta Seg\u00fa Hoy hemos asistido a la presentaci\u00f3n e inicio de temporada del Bar\u00e7a Genuine, el nuevo equipo del FC Barcelona del que formamos parte. Vladi, Jenni y Pablo son jugadores de este nuevo [&hellip;]\" \/>\n<meta property=\"og:url\" content=\"https:\/\/ampans.cat\/es\/actualidad\/ya-es-oficial-el-barca-genuine-es-el-nuevo-equipo-del-fc-barcelona-y-formamos-parte-de-el\/\" \/>\n<meta property=\"og:site_name\" content=\"AMPANS\" \/>\n<meta property=\"article:published_time\" content=\"2021-11-08T00:00:00+00:00\" \/>\n<meta property=\"og:image\" content=\"https:\/\/ampans.cat\/wp-content\/uploads\/2022\/05\/fcb-genuine-ligagenuine-ampans-2021.jpg\" \/>\n\t<meta property=\"og:image:width\" content=\"800\" \/>\n\t<meta property=\"og:image:height\" content=\"422\" \/>\n\t<meta property=\"og:image:type\" content=\"image\/jpeg\" \/>\n<meta name=\"author\" content=\"comunicacio\" \/>\n<meta name=\"twitter:card\" content=\"summary_large_image\" \/>\n<meta name=\"twitter:label1\" content=\"Escrito por\" \/>\n\t<meta name=\"twitter:data1\" content=\"comunicacio\" \/>\n\t<meta name=\"twitter:label2\" content=\"Tiempo de lectura\" \/>\n\t<meta name=\"twitter:data2\" content=\"4 minutos\" \/>\n<script type=\"application\/ld+json\" class=\"yoast-schema-graph\">{\"@context\":\"https:\\\/\\\/schema.org\",\"@graph\":[{\"@type\":\"Article\",\"@id\":\"https:\\\/\\\/ampans.cat\\\/es\\\/actualidad\\\/ya-es-oficial-el-barca-genuine-es-el-nuevo-equipo-del-fc-barcelona-y-formamos-parte-de-el\\\/#article\",\"isPartOf\":{\"@id\":\"https:\\\/\\\/ampans.cat\\\/es\\\/actualidad\\\/ya-es-oficial-el-barca-genuine-es-el-nuevo-equipo-del-fc-barcelona-y-formamos-parte-de-el\\\/\"},\"author\":{\"name\":\"comunicacio\",\"@id\":\"https:\\\/\\\/ampans.cat\\\/es\\\/#\\\/schema\\\/person\\\/b11b36b6e01d13f6cb6e2f6cab9d821f\"},\"headline\":\"Ya es oficial, el Bar\u00e7a Genuine es el nuevo equipo del FC Barcelona y formamos parte de \u00e9l\",\"datePublished\":\"2021-11-08T00:00:00+00:00\",\"mainEntityOfPage\":{\"@id\":\"https:\\\/\\\/ampans.cat\\\/es\\\/actualidad\\\/ya-es-oficial-el-barca-genuine-es-el-nuevo-equipo-del-fc-barcelona-y-formamos-parte-de-el\\\/\"},\"wordCount\":865,\"publisher\":{\"@id\":\"https:\\\/\\\/ampans.cat\\\/es\\\/#organization\"},\"image\":{\"@id\":\"https:\\\/\\\/ampans.cat\\\/es\\\/actualidad\\\/ya-es-oficial-el-barca-genuine-es-el-nuevo-equipo-del-fc-barcelona-y-formamos-parte-de-el\\\/#primaryimage\"},\"thumbnailUrl\":\"https:\\\/\\\/ampans.cat\\\/wp-content\\\/uploads\\\/2022\\\/05\\\/fcb-genuine-ligagenuine-ampans-2021.jpg\",\"articleSection\":[\"Actualidad\"],\"inLanguage\":\"es\"},{\"@type\":\"WebPage\",\"@id\":\"https:\\\/\\\/ampans.cat\\\/es\\\/actualidad\\\/ya-es-oficial-el-barca-genuine-es-el-nuevo-equipo-del-fc-barcelona-y-formamos-parte-de-el\\\/\",\"url\":\"https:\\\/\\\/ampans.cat\\\/es\\\/actualidad\\\/ya-es-oficial-el-barca-genuine-es-el-nuevo-equipo-del-fc-barcelona-y-formamos-parte-de-el\\\/\",\"name\":\"Ya es oficial, el Bar\u00e7a Genuine es el nuevo equipo del FC Barcelona y formamos parte de \u00e9l | AMPANS\",\"isPartOf\":{\"@id\":\"https:\\\/\\\/ampans.cat\\\/es\\\/#website\"},\"primaryImageOfPage\":{\"@id\":\"https:\\\/\\\/ampans.cat\\\/es\\\/actualidad\\\/ya-es-oficial-el-barca-genuine-es-el-nuevo-equipo-del-fc-barcelona-y-formamos-parte-de-el\\\/#primaryimage\"},\"image\":{\"@id\":\"https:\\\/\\\/ampans.cat\\\/es\\\/actualidad\\\/ya-es-oficial-el-barca-genuine-es-el-nuevo-equipo-del-fc-barcelona-y-formamos-parte-de-el\\\/#primaryimage\"},\"thumbnailUrl\":\"https:\\\/\\\/ampans.cat\\\/wp-content\\\/uploads\\\/2022\\\/05\\\/fcb-genuine-ligagenuine-ampans-2021.jpg\",\"datePublished\":\"2021-11-08T00:00:00+00:00\",\"breadcrumb\":{\"@id\":\"https:\\\/\\\/ampans.cat\\\/es\\\/actualidad\\\/ya-es-oficial-el-barca-genuine-es-el-nuevo-equipo-del-fc-barcelona-y-formamos-parte-de-el\\\/#breadcrumb\"},\"inLanguage\":\"es\",\"potentialAction\":[{\"@type\":\"ReadAction\",\"target\":[\"https:\\\/\\\/ampans.cat\\\/es\\\/actualidad\\\/ya-es-oficial-el-barca-genuine-es-el-nuevo-equipo-del-fc-barcelona-y-formamos-parte-de-el\\\/\"]}]},{\"@type\":\"ImageObject\",\"inLanguage\":\"es\",\"@id\":\"https:\\\/\\\/ampans.cat\\\/es\\\/actualidad\\\/ya-es-oficial-el-barca-genuine-es-el-nuevo-equipo-del-fc-barcelona-y-formamos-parte-de-el\\\/#primaryimage\",\"url\":\"https:\\\/\\\/ampans.cat\\\/wp-content\\\/uploads\\\/2022\\\/05\\\/fcb-genuine-ligagenuine-ampans-2021.jpg\",\"contentUrl\":\"https:\\\/\\\/ampans.cat\\\/wp-content\\\/uploads\\\/2022\\\/05\\\/fcb-genuine-ligagenuine-ampans-2021.jpg\",\"width\":800,\"height\":422},{\"@type\":\"BreadcrumbList\",\"@id\":\"https:\\\/\\\/ampans.cat\\\/es\\\/actualidad\\\/ya-es-oficial-el-barca-genuine-es-el-nuevo-equipo-del-fc-barcelona-y-formamos-parte-de-el\\\/#breadcrumb\",\"itemListElement\":[{\"@type\":\"ListItem\",\"position\":1,\"name\":\"Home\",\"item\":\"https:\\\/\\\/ampans.cat\\\/es\\\/\"},{\"@type\":\"ListItem\",\"position\":2,\"name\":\"Ya es oficial, el Bar\u00e7a Genuine es el nuevo equipo del FC Barcelona y formamos parte de \u00e9l\"}]},{\"@type\":\"WebSite\",\"@id\":\"https:\\\/\\\/ampans.cat\\\/es\\\/#website\",\"url\":\"https:\\\/\\\/ampans.cat\\\/es\\\/\",\"name\":\"AMPANS\",\"description\":\"\",\"publisher\":{\"@id\":\"https:\\\/\\\/ampans.cat\\\/es\\\/#organization\"},\"potentialAction\":[{\"@type\":\"SearchAction\",\"target\":{\"@type\":\"EntryPoint\",\"urlTemplate\":\"https:\\\/\\\/ampans.cat\\\/es\\\/?s={search_term_string}\"},\"query-input\":{\"@type\":\"PropertyValueSpecification\",\"valueRequired\":true,\"valueName\":\"search_term_string\"}}],\"inLanguage\":\"es\"},{\"@type\":\"Organization\",\"@id\":\"https:\\\/\\\/ampans.cat\\\/es\\\/#organization\",\"name\":\"AMPANS\",\"url\":\"https:\\\/\\\/ampans.cat\\\/es\\\/\",\"logo\":{\"@type\":\"ImageObject\",\"inLanguage\":\"es\",\"@id\":\"https:\\\/\\\/ampans.cat\\\/es\\\/#\\\/schema\\\/logo\\\/image\\\/\",\"url\":\"https:\\\/\\\/ampans.cat\\\/wp-content\\\/uploads\\\/2022\\\/06\\\/animat-ampans-big.gif\",\"contentUrl\":\"https:\\\/\\\/ampans.cat\\\/wp-content\\\/uploads\\\/2022\\\/06\\\/animat-ampans-big.gif\",\"width\":1200,\"height\":312,\"caption\":\"AMPANS\"},\"image\":{\"@id\":\"https:\\\/\\\/ampans.cat\\\/es\\\/#\\\/schema\\\/logo\\\/image\\\/\"}},{\"@type\":\"Person\",\"@id\":\"https:\\\/\\\/ampans.cat\\\/es\\\/#\\\/schema\\\/person\\\/b11b36b6e01d13f6cb6e2f6cab9d821f\",\"name\":\"comunicacio\",\"image\":{\"@type\":\"ImageObject\",\"inLanguage\":\"es\",\"@id\":\"https:\\\/\\\/secure.gravatar.com\\\/avatar\\\/a68c6b10f874b30985540598c7325c689e1989efb4d49863e6cfc21e9333a066?s=96&d=mm&r=g\",\"url\":\"https:\\\/\\\/secure.gravatar.com\\\/avatar\\\/a68c6b10f874b30985540598c7325c689e1989efb4d49863e6cfc21e9333a066?s=96&d=mm&r=g\",\"contentUrl\":\"https:\\\/\\\/secure.gravatar.com\\\/avatar\\\/a68c6b10f874b30985540598c7325c689e1989efb4d49863e6cfc21e9333a066?s=96&d=mm&r=g\",\"caption\":\"comunicacio\"}}]}<\/script>\n<!-- \/ Yoast SEO plugin. -->","yoast_head_json":{"title":"Ya es oficial, el Bar\u00e7a Genuine es el nuevo equipo del FC Barcelona y formamos parte de \u00e9l | AMPANS","robots":{"index":"index","follow":"follow","max-snippet":"max-snippet:-1","max-image-preview":"max-image-preview:large","max-video-preview":"max-video-preview:-1"},"canonical":"https:\/\/ampans.cat\/es\/actualidad\/ya-es-oficial-el-barca-genuine-es-el-nuevo-equipo-del-fc-barcelona-y-formamos-parte-de-el\/","og_locale":"es_ES","og_type":"article","og_title":"Ya es oficial, el Bar\u00e7a Genuine es el nuevo equipo del FC Barcelona y formamos parte de \u00e9l | AMPANS","og_description":"Joan Laporta ha presidido el acto de presentaci\u00f3n oficial acompa\u00f1ado por la directora general de la Fundaci\u00f3n FC Barcelona, la Dra. Marta Seg\u00fa Hoy hemos asistido a la presentaci\u00f3n e inicio de temporada del Bar\u00e7a Genuine, el nuevo equipo del FC Barcelona del que formamos parte. Vladi, Jenni y Pablo son jugadores de este nuevo [&hellip;]","og_url":"https:\/\/ampans.cat\/es\/actualidad\/ya-es-oficial-el-barca-genuine-es-el-nuevo-equipo-del-fc-barcelona-y-formamos-parte-de-el\/","og_site_name":"AMPANS","article_published_time":"2021-11-08T00:00:00+00:00","og_image":[{"width":800,"height":422,"url":"https:\/\/ampans.cat\/wp-content\/uploads\/2022\/05\/fcb-genuine-ligagenuine-ampans-2021.jpg","type":"image\/jpeg"}],"author":"comunicacio","twitter_card":"summary_large_image","twitter_misc":{"Escrito por":"comunicacio","Tiempo de lectura":"4 minutos"},"schema":{"@context":"https:\/\/schema.org","@graph":[{"@type":"Article","@id":"https:\/\/ampans.cat\/es\/actualidad\/ya-es-oficial-el-barca-genuine-es-el-nuevo-equipo-del-fc-barcelona-y-formamos-parte-de-el\/#article","isPartOf":{"@id":"https:\/\/ampans.cat\/es\/actualidad\/ya-es-oficial-el-barca-genuine-es-el-nuevo-equipo-del-fc-barcelona-y-formamos-parte-de-el\/"},"author":{"name":"comunicacio","@id":"https:\/\/ampans.cat\/es\/#\/schema\/person\/b11b36b6e01d13f6cb6e2f6cab9d821f"},"headline":"Ya es oficial, el Bar\u00e7a Genuine es el nuevo equipo del FC Barcelona y formamos parte de \u00e9l","datePublished":"2021-11-08T00:00:00+00:00","mainEntityOfPage":{"@id":"https:\/\/ampans.cat\/es\/actualidad\/ya-es-oficial-el-barca-genuine-es-el-nuevo-equipo-del-fc-barcelona-y-formamos-parte-de-el\/"},"wordCount":865,"publisher":{"@id":"https:\/\/ampans.cat\/es\/#organization"},"image":{"@id":"https:\/\/ampans.cat\/es\/actualidad\/ya-es-oficial-el-barca-genuine-es-el-nuevo-equipo-del-fc-barcelona-y-formamos-parte-de-el\/#primaryimage"},"thumbnailUrl":"https:\/\/ampans.cat\/wp-content\/uploads\/2022\/05\/fcb-genuine-ligagenuine-ampans-2021.jpg","articleSection":["Actualidad"],"inLanguage":"es"},{"@type":"WebPage","@id":"https:\/\/ampans.cat\/es\/actualidad\/ya-es-oficial-el-barca-genuine-es-el-nuevo-equipo-del-fc-barcelona-y-formamos-parte-de-el\/","url":"https:\/\/ampans.cat\/es\/actualidad\/ya-es-oficial-el-barca-genuine-es-el-nuevo-equipo-del-fc-barcelona-y-formamos-parte-de-el\/","name":"Ya es oficial, el Bar\u00e7a Genuine es el nuevo equipo del FC Barcelona y formamos parte de \u00e9l | AMPANS","isPartOf":{"@id":"https:\/\/ampans.cat\/es\/#website"},"primaryImageOfPage":{"@id":"https:\/\/ampans.cat\/es\/actualidad\/ya-es-oficial-el-barca-genuine-es-el-nuevo-equipo-del-fc-barcelona-y-formamos-parte-de-el\/#primaryimage"},"image":{"@id":"https:\/\/ampans.cat\/es\/actualidad\/ya-es-oficial-el-barca-genuine-es-el-nuevo-equipo-del-fc-barcelona-y-formamos-parte-de-el\/#primaryimage"},"thumbnailUrl":"https:\/\/ampans.cat\/wp-content\/uploads\/2022\/05\/fcb-genuine-ligagenuine-ampans-2021.jpg","datePublished":"2021-11-08T00:00:00+00:00","breadcrumb":{"@id":"https:\/\/ampans.cat\/es\/actualidad\/ya-es-oficial-el-barca-genuine-es-el-nuevo-equipo-del-fc-barcelona-y-formamos-parte-de-el\/#breadcrumb"},"inLanguage":"es","potentialAction":[{"@type":"ReadAction","target":["https:\/\/ampans.cat\/es\/actualidad\/ya-es-oficial-el-barca-genuine-es-el-nuevo-equipo-del-fc-barcelona-y-formamos-parte-de-el\/"]}]},{"@type":"ImageObject","inLanguage":"es","@id":"https:\/\/ampans.cat\/es\/actualidad\/ya-es-oficial-el-barca-genuine-es-el-nuevo-equipo-del-fc-barcelona-y-formamos-parte-de-el\/#primaryimage","url":"https:\/\/ampans.cat\/wp-content\/uploads\/2022\/05\/fcb-genuine-ligagenuine-ampans-2021.jpg","contentUrl":"https:\/\/ampans.cat\/wp-content\/uploads\/2022\/05\/fcb-genuine-ligagenuine-ampans-2021.jpg","width":800,"height":422},{"@type":"BreadcrumbList","@id":"https:\/\/ampans.cat\/es\/actualidad\/ya-es-oficial-el-barca-genuine-es-el-nuevo-equipo-del-fc-barcelona-y-formamos-parte-de-el\/#breadcrumb","itemListElement":[{"@type":"ListItem","position":1,"name":"Home","item":"https:\/\/ampans.cat\/es\/"},{"@type":"ListItem","position":2,"name":"Ya es oficial, el Bar\u00e7a Genuine es el nuevo equipo del FC Barcelona y formamos parte de \u00e9l"}]},{"@type":"WebSite","@id":"https:\/\/ampans.cat\/es\/#website","url":"https:\/\/ampans.cat\/es\/","name":"AMPANS","description":"","publisher":{"@id":"https:\/\/ampans.cat\/es\/#organization"},"potentialAction":[{"@type":"SearchAction","target":{"@type":"EntryPoint","urlTemplate":"https:\/\/ampans.cat\/es\/?s={search_term_string}"},"query-input":{"@type":"PropertyValueSpecification","valueRequired":true,"valueName":"search_term_string"}}],"inLanguage":"es"},{"@type":"Organization","@id":"https:\/\/ampans.cat\/es\/#organization","name":"AMPANS","url":"https:\/\/ampans.cat\/es\/","logo":{"@type":"ImageObject","inLanguage":"es","@id":"https:\/\/ampans.cat\/es\/#\/schema\/logo\/image\/","url":"https:\/\/ampans.cat\/wp-content\/uploads\/2022\/06\/animat-ampans-big.gif","contentUrl":"https:\/\/ampans.cat\/wp-content\/uploads\/2022\/06\/animat-ampans-big.gif","width":1200,"height":312,"caption":"AMPANS"},"image":{"@id":"https:\/\/ampans.cat\/es\/#\/schema\/logo\/image\/"}},{"@type":"Person","@id":"https:\/\/ampans.cat\/es\/#\/schema\/person\/b11b36b6e01d13f6cb6e2f6cab9d821f","name":"comunicacio","image":{"@type":"ImageObject","inLanguage":"es","@id":"https:\/\/secure.gravatar.com\/avatar\/a68c6b10f874b30985540598c7325c689e1989efb4d49863e6cfc21e9333a066?s=96&d=mm&r=g","url":"https:\/\/secure.gravatar.com\/avatar\/a68c6b10f874b30985540598c7325c689e1989efb4d49863e6cfc21e9333a066?s=96&d=mm&r=g","contentUrl":"https:\/\/secure.gravatar.com\/avatar\/a68c6b10f874b30985540598c7325c689e1989efb4d49863e6cfc21e9333a066?s=96&d=mm&r=g","caption":"comunicacio"}}]}},"_links":{"self":[{"href":"https:\/\/ampans.cat\/es\/wp-json\/wp\/v2\/posts\/10276","targetHints":{"allow":["GET"]}}],"collection":[{"href":"https:\/\/ampans.cat\/es\/wp-json\/wp\/v2\/posts"}],"about":[{"href":"https:\/\/ampans.cat\/es\/wp-json\/wp\/v2\/types\/post"}],"author":[{"embeddable":true,"href":"https:\/\/ampans.cat\/es\/wp-json\/wp\/v2\/users\/16"}],"replies":[{"embeddable":true,"href":"https:\/\/ampans.cat\/es\/wp-json\/wp\/v2\/comments?post=10276"}],"version-history":[{"count":0,"href":"https:\/\/ampans.cat\/es\/wp-json\/wp\/v2\/posts\/10276\/revisions"}],"wp:featuredmedia":[{"embeddable":true,"href":"https:\/\/ampans.cat\/es\/wp-json\/wp\/v2\/media\/8936"}],"wp:attachment":[{"href":"https:\/\/ampans.cat\/es\/wp-json\/wp\/v2\/media?parent=10276"}],"wp:term":[{"taxonomy":"category","embeddable":true,"href":"https:\/\/ampans.cat\/es\/wp-json\/wp\/v2\/categories?post=10276"},{"taxonomy":"post_tag","embeddable":true,"href":"https:\/\/ampans.cat\/es\/wp-json\/wp\/v2\/tags?post=10276"},{"taxonomy":"ambit_actualitat","embeddable":true,"href":"https:\/\/ampans.cat\/es\/wp-json\/wp\/v2\/ambit_actualitat?post=10276"},{"taxonomy":"tipus_de_pagina","embeddable":true,"href":"https:\/\/ampans.cat\/es\/wp-json\/wp\/v2\/tipus_de_pagina?post=10276"}],"curies":[{"name":"wp","href":"https:\/\/api.w.org\/{rel}","templated":true}]}}