{"id":10089,"date":"2022-02-04T00:00:00","date_gmt":"2022-02-04T00:00:00","guid":{"rendered":"https:\/\/ampans.cat\/buscamos-nuevas-oportunidades-laborales-en-el-sector-primario-a-traves-de-la-formacion-en-agricultura\/"},"modified":"2022-02-04T00:00:00","modified_gmt":"2022-02-04T00:00:00","slug":"buscamos-nuevas-oportunidades-laborales-en-el-sector-primario-a-traves-de-la-formacion-en-agricultura","status":"publish","type":"post","link":"https:\/\/ampans.cat\/es\/actualidad\/buscamos-nuevas-oportunidades-laborales-en-el-sector-primario-a-traves-de-la-formacion-en-agricultura\/","title":{"rendered":"Buscamos nuevas oportunidades laborales en el sector primario a trav\u00e9s de la formaci\u00f3n en agricultura"},"content":{"rendered":"<p>Desde la fundaci\u00f3n ponemos el foco en la innovaci\u00f3n y la creatividad para atraer a j\u00f3venes y facilitar el necesario relevo generacional en el campo Desde AMPANS, cada a\u00f1o ofrecemos cursos y programas de formaci\u00f3n e inserci\u00f3n como clave en la mejora de las habilidades de las personas para desarrollar conocimientos, aptitudes y actitudes que permitan dar respuesta a las necesidades laborales y de adaptaci\u00f3n social. Uno de los programas que brinda m\u00e1s casos de \u00e9xito es el de Certificados de Profesionalidad, cursos te\u00f3rico-pr\u00e1cticos para mejorar la cualificaci\u00f3n profesional y la capacidad de inserci\u00f3n laboral mediante la consecuci\u00f3n y el perfeccionamiento de competencias profesionales. Desde los programas de formaci\u00f3n se hace una apuesta por los sectores que tienen un alto nivel de demanda en el Bages, asegurando as\u00ed la m\u00e1xima inserci\u00f3n laboral al finalizar el programa. El sector agrario es uno de ellos, y nuestro CP en Actividades Auxiliares de Agricultura se ha convertido, con los a\u00f1os, en uno de los programas formativos con mejor ratio de inserci\u00f3n. A trav\u00e9s de la innovaci\u00f3n y la creatividad en las pr\u00e1cticas, se pretende hacer frente a una necesidad considerada de primer orden en el \u00e1mbito europeo: el relevo generacional en el campo. En la Uni\u00f3n Europea, s\u00f3lo un 10% de las explotaciones agr\u00edcolas y ganaderas est\u00e1n gestionadas por j\u00f3venes menores de 35 a\u00f1os. En Espa\u00f1a, s\u00f3lo un 3,8% de los titulares de explotaci\u00f3n son menores de 35 a\u00f1os. Estos datos son un reflejo del reto que supone el relevo generacional en la agricultura en nuestro pa\u00eds, incluido el enfoque de g\u00e9nero: en 2016, s\u00f3lo el 19,2% de las personas j\u00f3venes responsables de explotaciones agr\u00edcolas eran mujeres (frente al 23,3% de la UE). As\u00ed, desde AMPANS, se pretende impulsar el sector primario en la comarca a trav\u00e9s de la formaci\u00f3n de futuros profesionales en agricultura a los que se brindar\u00e1 oportunidades de inserci\u00f3n laboral. Una apuesta por el territorio, por la conservaci\u00f3n de una actividad esencial y ligada a la naturaleza, y por la recuperaci\u00f3n del oficio entre las nuevas generaciones. La agricultura ha tenido, hist\u00f3ricamente y todav\u00eda a d\u00eda de hoy, un notable peso en el Bages. A pesar de tener una presencia reducida en t\u00e9rminos estrictamente econ\u00f3micos, los negocios de este sector cobran gran importancia estrat\u00e9gica, sobre todo en las zonas rurales: 20 de los 30 municipios de la comarca presentan actividad agraria, seg\u00fan datos del Ayuntamiento de Manresa referentes a 2020. A trav\u00e9s del CP en Actividades Auxiliares de Agricultura, que se desarrollar\u00e1 en las instalaciones que AMPANS tiene en Santa Maria de Comabella de febrero a junio de 2022, los estudiantes y futuros auxiliares de agricultura, se formar\u00e1n en la preparaci\u00f3n del terreno , plantaci\u00f3n y siembra de cultivos agr\u00edcolas; en riego, abono y aplicaci\u00f3n de tratamientos; en operaciones culturales, recolecci\u00f3n, almacenamiento y envasado de productos, y en mantenimiento b\u00e1sico de instalaciones. A estos m\u00f3dulos, se sumar\u00e1n 40 horas de pr\u00e1cticas en empresas del Bages. Este Certificado de Profesionalidad va dirigido a personas que est\u00e1n en paro, en ERTO o que est\u00e1n en activo, pero quieren mejorar su empleabilidad. Tambi\u00e9n a aquellas personas que tienen inter\u00e9s en operaciones auxiliares en cultivos agr\u00edcolas, tratamientos plaguicidas y el trabajo en el campo en general. Requisitos para las personas interesadas y futuros participantes: Estar inscritos en las oficinas de Trabajo de la Generalitat (DARDO) No se precisa ninguna acreditaci\u00f3n acad\u00e9mica ni experiencia profesional previa o conocimientos t\u00e9cnicos espec\u00edficos Dominio del idioma catal\u00e1n y\/o castellano Disponibilidad para poder asistir a las clases en su totalidad en el horario oficial del curso Las personas interesadas pueden acceder a m\u00e1s informaci\u00f3n e inscripciones aqu\u00ed, o bien a trav\u00e9s del correo formacio@ampans.cat o llamando al 93 827 23 00 \/ 683 264 904.<\/p>\n","protected":false},"excerpt":{"rendered":"<p>Desde la fundaci\u00f3n ponemos el foco en la innovaci\u00f3n y la creatividad para atraer a j\u00f3venes y facilitar el necesario relevo generacional en el campo Desde AMPANS, cada a\u00f1o ofrecemos cursos y programas de formaci\u00f3n e inserci\u00f3n como clave en la mejora de las habilidades de las personas para desarrollar conocimientos, aptitudes y actitudes que [&hellip;]<\/p>\n","protected":false},"author":16,"featured_media":8896,"comment_status":"closed","ping_status":"open","sticky":false,"template":"","format":"standard","meta":{"_acf_changed":false,"inline_featured_image":false,"footnotes":""},"categories":[7],"tags":[],"ambit_actualitat":[],"tipus_de_pagina":[130],"class_list":["post-10089","post","type-post","status-publish","format-standard","has-post-thumbnail","hentry","category-actualidad","tipus_de_pagina-actualitat-es"],"acf":[],"yoast_head":"<!-- This site is optimized with the Yoast SEO plugin v27.4 - https:\/\/yoast.com\/product\/yoast-seo-wordpress\/ -->\n<title>Buscamos nuevas oportunidades laborales en el sector primario a trav\u00e9s de la formaci\u00f3n en agricultura | AMPANS<\/title>\n<meta name=\"robots\" content=\"index, follow, max-snippet:-1, max-image-preview:large, max-video-preview:-1\" \/>\n<link rel=\"canonical\" href=\"https:\/\/ampans.cat\/es\/actualidad\/buscamos-nuevas-oportunidades-laborales-en-el-sector-primario-a-traves-de-la-formacion-en-agricultura\/\" \/>\n<meta property=\"og:locale\" content=\"es_ES\" \/>\n<meta property=\"og:type\" content=\"article\" \/>\n<meta property=\"og:title\" content=\"Buscamos nuevas oportunidades laborales en el sector primario a trav\u00e9s de la formaci\u00f3n en agricultura | AMPANS\" \/>\n<meta property=\"og:description\" content=\"Desde la fundaci\u00f3n ponemos el foco en la innovaci\u00f3n y la creatividad para atraer a j\u00f3venes y facilitar el necesario relevo generacional en el campo Desde AMPANS, cada a\u00f1o ofrecemos cursos y programas de formaci\u00f3n e inserci\u00f3n como clave en la mejora de las habilidades de las personas para desarrollar conocimientos, aptitudes y actitudes que [&hellip;]\" \/>\n<meta property=\"og:url\" content=\"https:\/\/ampans.cat\/es\/actualidad\/buscamos-nuevas-oportunidades-laborales-en-el-sector-primario-a-traves-de-la-formacion-en-agricultura\/\" \/>\n<meta property=\"og:site_name\" content=\"AMPANS\" \/>\n<meta property=\"article:published_time\" content=\"2022-02-04T00:00:00+00:00\" \/>\n<meta property=\"og:image\" content=\"https:\/\/ampans.cat\/wp-content\/uploads\/2022\/05\/CP-Agricultura-AMPANS-2022.jpg\" \/>\n\t<meta property=\"og:image:width\" content=\"800\" \/>\n\t<meta property=\"og:image:height\" content=\"534\" \/>\n\t<meta property=\"og:image:type\" content=\"image\/jpeg\" \/>\n<meta name=\"author\" content=\"comunicacio\" \/>\n<meta name=\"twitter:card\" content=\"summary_large_image\" \/>\n<meta name=\"twitter:label1\" content=\"Escrito por\" \/>\n\t<meta name=\"twitter:data1\" content=\"comunicacio\" \/>\n\t<meta name=\"twitter:label2\" content=\"Tiempo de lectura\" \/>\n\t<meta name=\"twitter:data2\" content=\"3 minutos\" \/>\n<script type=\"application\/ld+json\" class=\"yoast-schema-graph\">{\"@context\":\"https:\\\/\\\/schema.org\",\"@graph\":[{\"@type\":\"Article\",\"@id\":\"https:\\\/\\\/ampans.cat\\\/es\\\/actualidad\\\/buscamos-nuevas-oportunidades-laborales-en-el-sector-primario-a-traves-de-la-formacion-en-agricultura\\\/#article\",\"isPartOf\":{\"@id\":\"https:\\\/\\\/ampans.cat\\\/es\\\/actualidad\\\/buscamos-nuevas-oportunidades-laborales-en-el-sector-primario-a-traves-de-la-formacion-en-agricultura\\\/\"},\"author\":{\"name\":\"comunicacio\",\"@id\":\"https:\\\/\\\/ampans.cat\\\/es\\\/#\\\/schema\\\/person\\\/b11b36b6e01d13f6cb6e2f6cab9d821f\"},\"headline\":\"Buscamos nuevas oportunidades laborales en el sector primario a trav\u00e9s de la formaci\u00f3n en agricultura\",\"datePublished\":\"2022-02-04T00:00:00+00:00\",\"mainEntityOfPage\":{\"@id\":\"https:\\\/\\\/ampans.cat\\\/es\\\/actualidad\\\/buscamos-nuevas-oportunidades-laborales-en-el-sector-primario-a-traves-de-la-formacion-en-agricultura\\\/\"},\"wordCount\":688,\"publisher\":{\"@id\":\"https:\\\/\\\/ampans.cat\\\/es\\\/#organization\"},\"image\":{\"@id\":\"https:\\\/\\\/ampans.cat\\\/es\\\/actualidad\\\/buscamos-nuevas-oportunidades-laborales-en-el-sector-primario-a-traves-de-la-formacion-en-agricultura\\\/#primaryimage\"},\"thumbnailUrl\":\"https:\\\/\\\/ampans.cat\\\/wp-content\\\/uploads\\\/2022\\\/05\\\/CP-Agricultura-AMPANS-2022.jpg\",\"articleSection\":[\"Actualidad\"],\"inLanguage\":\"es\"},{\"@type\":\"WebPage\",\"@id\":\"https:\\\/\\\/ampans.cat\\\/es\\\/actualidad\\\/buscamos-nuevas-oportunidades-laborales-en-el-sector-primario-a-traves-de-la-formacion-en-agricultura\\\/\",\"url\":\"https:\\\/\\\/ampans.cat\\\/es\\\/actualidad\\\/buscamos-nuevas-oportunidades-laborales-en-el-sector-primario-a-traves-de-la-formacion-en-agricultura\\\/\",\"name\":\"Buscamos nuevas oportunidades laborales en el sector primario a trav\u00e9s de la formaci\u00f3n en agricultura | AMPANS\",\"isPartOf\":{\"@id\":\"https:\\\/\\\/ampans.cat\\\/es\\\/#website\"},\"primaryImageOfPage\":{\"@id\":\"https:\\\/\\\/ampans.cat\\\/es\\\/actualidad\\\/buscamos-nuevas-oportunidades-laborales-en-el-sector-primario-a-traves-de-la-formacion-en-agricultura\\\/#primaryimage\"},\"image\":{\"@id\":\"https:\\\/\\\/ampans.cat\\\/es\\\/actualidad\\\/buscamos-nuevas-oportunidades-laborales-en-el-sector-primario-a-traves-de-la-formacion-en-agricultura\\\/#primaryimage\"},\"thumbnailUrl\":\"https:\\\/\\\/ampans.cat\\\/wp-content\\\/uploads\\\/2022\\\/05\\\/CP-Agricultura-AMPANS-2022.jpg\",\"datePublished\":\"2022-02-04T00:00:00+00:00\",\"breadcrumb\":{\"@id\":\"https:\\\/\\\/ampans.cat\\\/es\\\/actualidad\\\/buscamos-nuevas-oportunidades-laborales-en-el-sector-primario-a-traves-de-la-formacion-en-agricultura\\\/#breadcrumb\"},\"inLanguage\":\"es\",\"potentialAction\":[{\"@type\":\"ReadAction\",\"target\":[\"https:\\\/\\\/ampans.cat\\\/es\\\/actualidad\\\/buscamos-nuevas-oportunidades-laborales-en-el-sector-primario-a-traves-de-la-formacion-en-agricultura\\\/\"]}]},{\"@type\":\"ImageObject\",\"inLanguage\":\"es\",\"@id\":\"https:\\\/\\\/ampans.cat\\\/es\\\/actualidad\\\/buscamos-nuevas-oportunidades-laborales-en-el-sector-primario-a-traves-de-la-formacion-en-agricultura\\\/#primaryimage\",\"url\":\"https:\\\/\\\/ampans.cat\\\/wp-content\\\/uploads\\\/2022\\\/05\\\/CP-Agricultura-AMPANS-2022.jpg\",\"contentUrl\":\"https:\\\/\\\/ampans.cat\\\/wp-content\\\/uploads\\\/2022\\\/05\\\/CP-Agricultura-AMPANS-2022.jpg\",\"width\":800,\"height\":534},{\"@type\":\"BreadcrumbList\",\"@id\":\"https:\\\/\\\/ampans.cat\\\/es\\\/actualidad\\\/buscamos-nuevas-oportunidades-laborales-en-el-sector-primario-a-traves-de-la-formacion-en-agricultura\\\/#breadcrumb\",\"itemListElement\":[{\"@type\":\"ListItem\",\"position\":1,\"name\":\"Home\",\"item\":\"https:\\\/\\\/ampans.cat\\\/es\\\/\"},{\"@type\":\"ListItem\",\"position\":2,\"name\":\"Buscamos nuevas oportunidades laborales en el sector primario a trav\u00e9s de la formaci\u00f3n en agricultura\"}]},{\"@type\":\"WebSite\",\"@id\":\"https:\\\/\\\/ampans.cat\\\/es\\\/#website\",\"url\":\"https:\\\/\\\/ampans.cat\\\/es\\\/\",\"name\":\"AMPANS\",\"description\":\"\",\"publisher\":{\"@id\":\"https:\\\/\\\/ampans.cat\\\/es\\\/#organization\"},\"potentialAction\":[{\"@type\":\"SearchAction\",\"target\":{\"@type\":\"EntryPoint\",\"urlTemplate\":\"https:\\\/\\\/ampans.cat\\\/es\\\/?s={search_term_string}\"},\"query-input\":{\"@type\":\"PropertyValueSpecification\",\"valueRequired\":true,\"valueName\":\"search_term_string\"}}],\"inLanguage\":\"es\"},{\"@type\":\"Organization\",\"@id\":\"https:\\\/\\\/ampans.cat\\\/es\\\/#organization\",\"name\":\"AMPANS\",\"url\":\"https:\\\/\\\/ampans.cat\\\/es\\\/\",\"logo\":{\"@type\":\"ImageObject\",\"inLanguage\":\"es\",\"@id\":\"https:\\\/\\\/ampans.cat\\\/es\\\/#\\\/schema\\\/logo\\\/image\\\/\",\"url\":\"https:\\\/\\\/ampans.cat\\\/wp-content\\\/uploads\\\/2022\\\/06\\\/animat-ampans-big.gif\",\"contentUrl\":\"https:\\\/\\\/ampans.cat\\\/wp-content\\\/uploads\\\/2022\\\/06\\\/animat-ampans-big.gif\",\"width\":1200,\"height\":312,\"caption\":\"AMPANS\"},\"image\":{\"@id\":\"https:\\\/\\\/ampans.cat\\\/es\\\/#\\\/schema\\\/logo\\\/image\\\/\"}},{\"@type\":\"Person\",\"@id\":\"https:\\\/\\\/ampans.cat\\\/es\\\/#\\\/schema\\\/person\\\/b11b36b6e01d13f6cb6e2f6cab9d821f\",\"name\":\"comunicacio\",\"image\":{\"@type\":\"ImageObject\",\"inLanguage\":\"es\",\"@id\":\"https:\\\/\\\/secure.gravatar.com\\\/avatar\\\/a68c6b10f874b30985540598c7325c689e1989efb4d49863e6cfc21e9333a066?s=96&d=mm&r=g\",\"url\":\"https:\\\/\\\/secure.gravatar.com\\\/avatar\\\/a68c6b10f874b30985540598c7325c689e1989efb4d49863e6cfc21e9333a066?s=96&d=mm&r=g\",\"contentUrl\":\"https:\\\/\\\/secure.gravatar.com\\\/avatar\\\/a68c6b10f874b30985540598c7325c689e1989efb4d49863e6cfc21e9333a066?s=96&d=mm&r=g\",\"caption\":\"comunicacio\"}}]}<\/script>\n<!-- \/ Yoast SEO plugin. -->","yoast_head_json":{"title":"Buscamos nuevas oportunidades laborales en el sector primario a trav\u00e9s de la formaci\u00f3n en agricultura | AMPANS","robots":{"index":"index","follow":"follow","max-snippet":"max-snippet:-1","max-image-preview":"max-image-preview:large","max-video-preview":"max-video-preview:-1"},"canonical":"https:\/\/ampans.cat\/es\/actualidad\/buscamos-nuevas-oportunidades-laborales-en-el-sector-primario-a-traves-de-la-formacion-en-agricultura\/","og_locale":"es_ES","og_type":"article","og_title":"Buscamos nuevas oportunidades laborales en el sector primario a trav\u00e9s de la formaci\u00f3n en agricultura | AMPANS","og_description":"Desde la fundaci\u00f3n ponemos el foco en la innovaci\u00f3n y la creatividad para atraer a j\u00f3venes y facilitar el necesario relevo generacional en el campo Desde AMPANS, cada a\u00f1o ofrecemos cursos y programas de formaci\u00f3n e inserci\u00f3n como clave en la mejora de las habilidades de las personas para desarrollar conocimientos, aptitudes y actitudes que [&hellip;]","og_url":"https:\/\/ampans.cat\/es\/actualidad\/buscamos-nuevas-oportunidades-laborales-en-el-sector-primario-a-traves-de-la-formacion-en-agricultura\/","og_site_name":"AMPANS","article_published_time":"2022-02-04T00:00:00+00:00","og_image":[{"width":800,"height":534,"url":"https:\/\/ampans.cat\/wp-content\/uploads\/2022\/05\/CP-Agricultura-AMPANS-2022.jpg","type":"image\/jpeg"}],"author":"comunicacio","twitter_card":"summary_large_image","twitter_misc":{"Escrito por":"comunicacio","Tiempo de lectura":"3 minutos"},"schema":{"@context":"https:\/\/schema.org","@graph":[{"@type":"Article","@id":"https:\/\/ampans.cat\/es\/actualidad\/buscamos-nuevas-oportunidades-laborales-en-el-sector-primario-a-traves-de-la-formacion-en-agricultura\/#article","isPartOf":{"@id":"https:\/\/ampans.cat\/es\/actualidad\/buscamos-nuevas-oportunidades-laborales-en-el-sector-primario-a-traves-de-la-formacion-en-agricultura\/"},"author":{"name":"comunicacio","@id":"https:\/\/ampans.cat\/es\/#\/schema\/person\/b11b36b6e01d13f6cb6e2f6cab9d821f"},"headline":"Buscamos nuevas oportunidades laborales en el sector primario a trav\u00e9s de la formaci\u00f3n en agricultura","datePublished":"2022-02-04T00:00:00+00:00","mainEntityOfPage":{"@id":"https:\/\/ampans.cat\/es\/actualidad\/buscamos-nuevas-oportunidades-laborales-en-el-sector-primario-a-traves-de-la-formacion-en-agricultura\/"},"wordCount":688,"publisher":{"@id":"https:\/\/ampans.cat\/es\/#organization"},"image":{"@id":"https:\/\/ampans.cat\/es\/actualidad\/buscamos-nuevas-oportunidades-laborales-en-el-sector-primario-a-traves-de-la-formacion-en-agricultura\/#primaryimage"},"thumbnailUrl":"https:\/\/ampans.cat\/wp-content\/uploads\/2022\/05\/CP-Agricultura-AMPANS-2022.jpg","articleSection":["Actualidad"],"inLanguage":"es"},{"@type":"WebPage","@id":"https:\/\/ampans.cat\/es\/actualidad\/buscamos-nuevas-oportunidades-laborales-en-el-sector-primario-a-traves-de-la-formacion-en-agricultura\/","url":"https:\/\/ampans.cat\/es\/actualidad\/buscamos-nuevas-oportunidades-laborales-en-el-sector-primario-a-traves-de-la-formacion-en-agricultura\/","name":"Buscamos nuevas oportunidades laborales en el sector primario a trav\u00e9s de la formaci\u00f3n en agricultura | AMPANS","isPartOf":{"@id":"https:\/\/ampans.cat\/es\/#website"},"primaryImageOfPage":{"@id":"https:\/\/ampans.cat\/es\/actualidad\/buscamos-nuevas-oportunidades-laborales-en-el-sector-primario-a-traves-de-la-formacion-en-agricultura\/#primaryimage"},"image":{"@id":"https:\/\/ampans.cat\/es\/actualidad\/buscamos-nuevas-oportunidades-laborales-en-el-sector-primario-a-traves-de-la-formacion-en-agricultura\/#primaryimage"},"thumbnailUrl":"https:\/\/ampans.cat\/wp-content\/uploads\/2022\/05\/CP-Agricultura-AMPANS-2022.jpg","datePublished":"2022-02-04T00:00:00+00:00","breadcrumb":{"@id":"https:\/\/ampans.cat\/es\/actualidad\/buscamos-nuevas-oportunidades-laborales-en-el-sector-primario-a-traves-de-la-formacion-en-agricultura\/#breadcrumb"},"inLanguage":"es","potentialAction":[{"@type":"ReadAction","target":["https:\/\/ampans.cat\/es\/actualidad\/buscamos-nuevas-oportunidades-laborales-en-el-sector-primario-a-traves-de-la-formacion-en-agricultura\/"]}]},{"@type":"ImageObject","inLanguage":"es","@id":"https:\/\/ampans.cat\/es\/actualidad\/buscamos-nuevas-oportunidades-laborales-en-el-sector-primario-a-traves-de-la-formacion-en-agricultura\/#primaryimage","url":"https:\/\/ampans.cat\/wp-content\/uploads\/2022\/05\/CP-Agricultura-AMPANS-2022.jpg","contentUrl":"https:\/\/ampans.cat\/wp-content\/uploads\/2022\/05\/CP-Agricultura-AMPANS-2022.jpg","width":800,"height":534},{"@type":"BreadcrumbList","@id":"https:\/\/ampans.cat\/es\/actualidad\/buscamos-nuevas-oportunidades-laborales-en-el-sector-primario-a-traves-de-la-formacion-en-agricultura\/#breadcrumb","itemListElement":[{"@type":"ListItem","position":1,"name":"Home","item":"https:\/\/ampans.cat\/es\/"},{"@type":"ListItem","position":2,"name":"Buscamos nuevas oportunidades laborales en el sector primario a trav\u00e9s de la formaci\u00f3n en agricultura"}]},{"@type":"WebSite","@id":"https:\/\/ampans.cat\/es\/#website","url":"https:\/\/ampans.cat\/es\/","name":"AMPANS","description":"","publisher":{"@id":"https:\/\/ampans.cat\/es\/#organization"},"potentialAction":[{"@type":"SearchAction","target":{"@type":"EntryPoint","urlTemplate":"https:\/\/ampans.cat\/es\/?s={search_term_string}"},"query-input":{"@type":"PropertyValueSpecification","valueRequired":true,"valueName":"search_term_string"}}],"inLanguage":"es"},{"@type":"Organization","@id":"https:\/\/ampans.cat\/es\/#organization","name":"AMPANS","url":"https:\/\/ampans.cat\/es\/","logo":{"@type":"ImageObject","inLanguage":"es","@id":"https:\/\/ampans.cat\/es\/#\/schema\/logo\/image\/","url":"https:\/\/ampans.cat\/wp-content\/uploads\/2022\/06\/animat-ampans-big.gif","contentUrl":"https:\/\/ampans.cat\/wp-content\/uploads\/2022\/06\/animat-ampans-big.gif","width":1200,"height":312,"caption":"AMPANS"},"image":{"@id":"https:\/\/ampans.cat\/es\/#\/schema\/logo\/image\/"}},{"@type":"Person","@id":"https:\/\/ampans.cat\/es\/#\/schema\/person\/b11b36b6e01d13f6cb6e2f6cab9d821f","name":"comunicacio","image":{"@type":"ImageObject","inLanguage":"es","@id":"https:\/\/secure.gravatar.com\/avatar\/a68c6b10f874b30985540598c7325c689e1989efb4d49863e6cfc21e9333a066?s=96&d=mm&r=g","url":"https:\/\/secure.gravatar.com\/avatar\/a68c6b10f874b30985540598c7325c689e1989efb4d49863e6cfc21e9333a066?s=96&d=mm&r=g","contentUrl":"https:\/\/secure.gravatar.com\/avatar\/a68c6b10f874b30985540598c7325c689e1989efb4d49863e6cfc21e9333a066?s=96&d=mm&r=g","caption":"comunicacio"}}]}},"_links":{"self":[{"href":"https:\/\/ampans.cat\/es\/wp-json\/wp\/v2\/posts\/10089","targetHints":{"allow":["GET"]}}],"collection":[{"href":"https:\/\/ampans.cat\/es\/wp-json\/wp\/v2\/posts"}],"about":[{"href":"https:\/\/ampans.cat\/es\/wp-json\/wp\/v2\/types\/post"}],"author":[{"embeddable":true,"href":"https:\/\/ampans.cat\/es\/wp-json\/wp\/v2\/users\/16"}],"replies":[{"embeddable":true,"href":"https:\/\/ampans.cat\/es\/wp-json\/wp\/v2\/comments?post=10089"}],"version-history":[{"count":0,"href":"https:\/\/ampans.cat\/es\/wp-json\/wp\/v2\/posts\/10089\/revisions"}],"wp:featuredmedia":[{"embeddable":true,"href":"https:\/\/ampans.cat\/es\/wp-json\/wp\/v2\/media\/8896"}],"wp:attachment":[{"href":"https:\/\/ampans.cat\/es\/wp-json\/wp\/v2\/media?parent=10089"}],"wp:term":[{"taxonomy":"category","embeddable":true,"href":"https:\/\/ampans.cat\/es\/wp-json\/wp\/v2\/categories?post=10089"},{"taxonomy":"post_tag","embeddable":true,"href":"https:\/\/ampans.cat\/es\/wp-json\/wp\/v2\/tags?post=10089"},{"taxonomy":"ambit_actualitat","embeddable":true,"href":"https:\/\/ampans.cat\/es\/wp-json\/wp\/v2\/ambit_actualitat?post=10089"},{"taxonomy":"tipus_de_pagina","embeddable":true,"href":"https:\/\/ampans.cat\/es\/wp-json\/wp\/v2\/tipus_de_pagina?post=10089"}],"curies":[{"name":"wp","href":"https:\/\/api.w.org\/{rel}","templated":true}]}}