{"id":46418,"date":"2026-03-26T10:27:23","date_gmt":"2026-03-26T08:27:23","guid":{"rendered":"https:\/\/ampans.cat\/?p=46418"},"modified":"2026-03-26T10:30:36","modified_gmt":"2026-03-26T08:30:36","slug":"the-copa-campeones-fills-nou-congost-with-excitement-basketball-and-inclusion","status":"publish","type":"post","link":"https:\/\/ampans.cat\/en\/uncategorized\/the-copa-campeones-fills-nou-congost-with-excitement-basketball-and-inclusion\/","title":{"rendered":"The Copa Campeones fills Nou Congost with excitement, basketball and inclusion"},"content":{"rendered":"<h3 style=\"text-align: center;\">A celebration of inclusive basketball that moved the whole city<\/h3>\n<div class=\"flex flex-col text-sm pb-25\">\n<section class=\"text-token-text-primary w-full focus:outline-none [--shadow-height:45px] has-data-writing-block:pointer-events-none has-data-writing-block:-mt-(--shadow-height) has-data-writing-block:pt-(--shadow-height) [&amp;:has([data-writing-block])&gt;*]:pointer-events-auto scroll-mt-[calc(var(--header-height)+min(200px,max(70px,20svh)))]\" dir=\"auto\" data-turn-id=\"request-WEB:dd57ae99-0973-4ca9-b7f3-09426af10cd6-0\" data-testid=\"conversation-turn-2\" data-scroll-anchor=\"true\" data-turn=\"assistant\">\n<div class=\"text-base my-auto mx-auto pb-10 [--thread-content-margin:var(--thread-content-margin-xs,calc(var(--spacing)*4))] @w-sm\/main:[--thread-content-margin:var(--thread-content-margin-sm,calc(var(--spacing)*6))] @w-lg\/main:[--thread-content-margin:var(--thread-content-margin-lg,calc(var(--spacing)*16))] px-(--thread-content-margin)\">\n<div class=\"[--thread-content-max-width:40rem] @w-lg\/main:[--thread-content-max-width:48rem] mx-auto max-w-(--thread-content-max-width) flex-1 group\/turn-messages focus-visible:outline-hidden relative flex w-full min-w-0 flex-col agent-turn\">\n<div class=\"flex max-w-full flex-col gap-4 grow\">\n<div class=\"min-h-8 text-message relative flex w-full flex-col items-end gap-2 text-start break-words whitespace-normal outline-none keyboard-focused:focus-ring [.text-message+&amp;]:mt-1\" dir=\"auto\" tabindex=\"0\" data-message-author-role=\"assistant\" data-message-id=\"f97480ee-9e4a-4fac-971a-f26d8e8d7a04\" data-message-model-slug=\"gpt-5-3\" data-turn-start-message=\"true\">\n<div class=\"flex w-full flex-col gap-1 empty:hidden\">\n<div class=\"markdown prose dark:prose-invert w-full wrap-break-word light markdown-new-styling\">\n<p data-start=\"2327\" data-end=\"2574\">This weekend, Manresa hosted a great celebration of basketball and inclusion with the Copa Campeones, a competition organised by the ACB and Fundaci\u00f3n ACB that transformed the Nou Congost arena into a space full of emotion, effort and team spirit.<\/p>\n<p data-start=\"2576\" data-end=\"2966\">AMPANS was proud to be part of this experience with the AMPANS and B\u00e0squet La Salle Manresa team, representing BAXI Manresa in the tournament. Over two days, players and coaching staff from the inclusive teams of BAXI Manresa, Covir\u00e1n Granada, Unicaja M\u00e1laga, UCAM Murcia, B\u00e0squet Girona and Casademont Zaragoza shared the court, demonstrating that basketball truly is a sport for everyone.<\/p>\n<p data-start=\"2968\" data-end=\"3333\">For many players, wearing the colours of the club they admire every weekend was an unforgettable experience. On the court there was enthusiasm, sportsmanship, effort and determination, but above all great excitement about being able to play and represent their city. The arena, with stands full of fans, banners and scarves, experienced moments of true celebration.<\/p>\n<p data-start=\"3335\" data-end=\"3695\">The competition concluded with a very closely contested final between the AMPANS and La Salle team, representing BAXI Manresa, and B\u00e0squet Girona. The game was decided in the final moments with a narrow 30-35 victory for the Girona side. Beyond the result, what remains is the shared experience and the value of a competition that places inclusion at its core.<\/p>\n<p data-start=\"3697\" data-end=\"3918\">We would also like to extend a very special thank you to all the AMPANS volunteers who took part in organising the event. Their involvement, dedication and commitment were essential in making the Copa Campeones a success.<\/p>\n<p data-start=\"3920\" data-end=\"4112\" data-is-last-node=\"\" data-is-only-node=\"\">Thank you as well to everyone who came to Nou Congost to support the teams and share this experience, once again showing that Manresa is a city of basketball and a city committed to inclusion.<\/p>\n<\/div>\n<\/div>\n<\/div>\n<\/div>\n<div class=\"z-0 flex min-h-[46px] justify-start\"><\/div>\n<div class=\"mt-3 w-full empty:hidden\">\n<div class=\"text-center\"><\/div>\n<\/div>\n<\/div>\n<\/div>\n<\/section>\n<\/div>\n<div class=\"pointer-events-none h-px w-px absolute bottom-0\" aria-hidden=\"true\" data-edge=\"true\"><\/div>\n","protected":false},"excerpt":{"rendered":"<p>A celebration of inclusive basketball that moved the whole city This weekend, Manresa hosted a great celebration of basketball and inclusion with the Copa Campeones, a competition organised by the ACB and Fundaci\u00f3n ACB that transformed the Nou Congost arena into a space full of emotion, effort and team spirit. AMPANS was proud to be [&hellip;]<\/p>\n","protected":false},"author":16,"featured_media":46415,"comment_status":"closed","ping_status":"open","sticky":false,"template":"","format":"standard","meta":{"_acf_changed":false,"inline_featured_image":false,"footnotes":""},"categories":[46],"tags":[],"ambit_actualitat":[],"tipus_de_pagina":[84,130],"class_list":["post-46418","post","type-post","status-publish","format-standard","has-post-thumbnail","hentry","category-uncategorized","tipus_de_pagina-actualitat","tipus_de_pagina-actualitat-es"],"acf":[],"yoast_head":"<!-- This site is optimized with the Yoast SEO plugin v27.4 - https:\/\/yoast.com\/product\/yoast-seo-wordpress\/ -->\n<title>The Copa Campeones fills Nou Congost with excitement, basketball and inclusion | AMPANS<\/title>\n<meta name=\"robots\" content=\"index, follow, max-snippet:-1, max-image-preview:large, max-video-preview:-1\" \/>\n<link rel=\"canonical\" href=\"https:\/\/ampans.cat\/en\/uncategorized\/the-copa-campeones-fills-nou-congost-with-excitement-basketball-and-inclusion\/\" \/>\n<meta property=\"og:locale\" content=\"en_US\" \/>\n<meta property=\"og:type\" content=\"article\" \/>\n<meta property=\"og:title\" content=\"The Copa Campeones fills Nou Congost with excitement, basketball and inclusion | AMPANS\" \/>\n<meta property=\"og:description\" content=\"A celebration of inclusive basketball that moved the whole city This weekend, Manresa hosted a great celebration of basketball and inclusion with the Copa Campeones, a competition organised by the ACB and Fundaci\u00f3n ACB that transformed the Nou Congost arena into a space full of emotion, effort and team spirit. AMPANS was proud to be [&hellip;]\" \/>\n<meta property=\"og:url\" content=\"https:\/\/ampans.cat\/en\/uncategorized\/the-copa-campeones-fills-nou-congost-with-excitement-basketball-and-inclusion\/\" \/>\n<meta property=\"og:site_name\" content=\"AMPANS\" \/>\n<meta property=\"article:published_time\" content=\"2026-03-26T08:27:23+00:00\" \/>\n<meta property=\"article:modified_time\" content=\"2026-03-26T08:30:36+00:00\" \/>\n<meta property=\"og:image\" content=\"https:\/\/ampans.cat\/wp-content\/uploads\/2026\/03\/2025-2026-COPA-CAMPEONES-BAXI-VS-MURCIA-UNICAJA-121-scaled.jpg\" \/>\n\t<meta property=\"og:image:width\" content=\"2560\" \/>\n\t<meta property=\"og:image:height\" content=\"1860\" \/>\n\t<meta property=\"og:image:type\" content=\"image\/jpeg\" \/>\n<meta name=\"author\" content=\"comunicacio\" \/>\n<meta name=\"twitter:card\" content=\"summary_large_image\" \/>\n<meta name=\"twitter:label1\" content=\"Written by\" \/>\n\t<meta name=\"twitter:data1\" content=\"comunicacio\" \/>\n\t<meta name=\"twitter:label2\" content=\"Est. reading time\" \/>\n\t<meta name=\"twitter:data2\" content=\"2 minutes\" \/>\n<script type=\"application\/ld+json\" class=\"yoast-schema-graph\">{\"@context\":\"https:\\\/\\\/schema.org\",\"@graph\":[{\"@type\":\"Article\",\"@id\":\"https:\\\/\\\/ampans.cat\\\/en\\\/uncategorized\\\/the-copa-campeones-fills-nou-congost-with-excitement-basketball-and-inclusion\\\/#article\",\"isPartOf\":{\"@id\":\"https:\\\/\\\/ampans.cat\\\/en\\\/uncategorized\\\/the-copa-campeones-fills-nou-congost-with-excitement-basketball-and-inclusion\\\/\"},\"author\":{\"name\":\"comunicacio\",\"@id\":\"https:\\\/\\\/ampans.cat\\\/en\\\/#\\\/schema\\\/person\\\/b11b36b6e01d13f6cb6e2f6cab9d821f\"},\"headline\":\"The Copa Campeones fills Nou Congost with excitement, basketball and inclusion\",\"datePublished\":\"2026-03-26T08:27:23+00:00\",\"dateModified\":\"2026-03-26T08:30:36+00:00\",\"mainEntityOfPage\":{\"@id\":\"https:\\\/\\\/ampans.cat\\\/en\\\/uncategorized\\\/the-copa-campeones-fills-nou-congost-with-excitement-basketball-and-inclusion\\\/\"},\"wordCount\":316,\"publisher\":{\"@id\":\"https:\\\/\\\/ampans.cat\\\/en\\\/#organization\"},\"image\":{\"@id\":\"https:\\\/\\\/ampans.cat\\\/en\\\/uncategorized\\\/the-copa-campeones-fills-nou-congost-with-excitement-basketball-and-inclusion\\\/#primaryimage\"},\"thumbnailUrl\":\"https:\\\/\\\/ampans.cat\\\/wp-content\\\/uploads\\\/2026\\\/03\\\/2025-2026-COPA-CAMPEONES-BAXI-VS-MURCIA-UNICAJA-121-scaled.jpg\",\"inLanguage\":\"en-US\"},{\"@type\":\"WebPage\",\"@id\":\"https:\\\/\\\/ampans.cat\\\/en\\\/uncategorized\\\/the-copa-campeones-fills-nou-congost-with-excitement-basketball-and-inclusion\\\/\",\"url\":\"https:\\\/\\\/ampans.cat\\\/en\\\/uncategorized\\\/the-copa-campeones-fills-nou-congost-with-excitement-basketball-and-inclusion\\\/\",\"name\":\"The Copa Campeones fills Nou Congost with excitement, basketball and inclusion | AMPANS\",\"isPartOf\":{\"@id\":\"https:\\\/\\\/ampans.cat\\\/en\\\/#website\"},\"primaryImageOfPage\":{\"@id\":\"https:\\\/\\\/ampans.cat\\\/en\\\/uncategorized\\\/the-copa-campeones-fills-nou-congost-with-excitement-basketball-and-inclusion\\\/#primaryimage\"},\"image\":{\"@id\":\"https:\\\/\\\/ampans.cat\\\/en\\\/uncategorized\\\/the-copa-campeones-fills-nou-congost-with-excitement-basketball-and-inclusion\\\/#primaryimage\"},\"thumbnailUrl\":\"https:\\\/\\\/ampans.cat\\\/wp-content\\\/uploads\\\/2026\\\/03\\\/2025-2026-COPA-CAMPEONES-BAXI-VS-MURCIA-UNICAJA-121-scaled.jpg\",\"datePublished\":\"2026-03-26T08:27:23+00:00\",\"dateModified\":\"2026-03-26T08:30:36+00:00\",\"breadcrumb\":{\"@id\":\"https:\\\/\\\/ampans.cat\\\/en\\\/uncategorized\\\/the-copa-campeones-fills-nou-congost-with-excitement-basketball-and-inclusion\\\/#breadcrumb\"},\"inLanguage\":\"en-US\",\"potentialAction\":[{\"@type\":\"ReadAction\",\"target\":[\"https:\\\/\\\/ampans.cat\\\/en\\\/uncategorized\\\/the-copa-campeones-fills-nou-congost-with-excitement-basketball-and-inclusion\\\/\"]}]},{\"@type\":\"ImageObject\",\"inLanguage\":\"en-US\",\"@id\":\"https:\\\/\\\/ampans.cat\\\/en\\\/uncategorized\\\/the-copa-campeones-fills-nou-congost-with-excitement-basketball-and-inclusion\\\/#primaryimage\",\"url\":\"https:\\\/\\\/ampans.cat\\\/wp-content\\\/uploads\\\/2026\\\/03\\\/2025-2026-COPA-CAMPEONES-BAXI-VS-MURCIA-UNICAJA-121-scaled.jpg\",\"contentUrl\":\"https:\\\/\\\/ampans.cat\\\/wp-content\\\/uploads\\\/2026\\\/03\\\/2025-2026-COPA-CAMPEONES-BAXI-VS-MURCIA-UNICAJA-121-scaled.jpg\",\"width\":2560,\"height\":1860},{\"@type\":\"BreadcrumbList\",\"@id\":\"https:\\\/\\\/ampans.cat\\\/en\\\/uncategorized\\\/the-copa-campeones-fills-nou-congost-with-excitement-basketball-and-inclusion\\\/#breadcrumb\",\"itemListElement\":[{\"@type\":\"ListItem\",\"position\":1,\"name\":\"Home\",\"item\":\"https:\\\/\\\/ampans.cat\\\/en\\\/\"},{\"@type\":\"ListItem\",\"position\":2,\"name\":\"The Copa Campeones fills Nou Congost with excitement, basketball and inclusion\"}]},{\"@type\":\"WebSite\",\"@id\":\"https:\\\/\\\/ampans.cat\\\/en\\\/#website\",\"url\":\"https:\\\/\\\/ampans.cat\\\/en\\\/\",\"name\":\"AMPANS\",\"description\":\"\",\"publisher\":{\"@id\":\"https:\\\/\\\/ampans.cat\\\/en\\\/#organization\"},\"potentialAction\":[{\"@type\":\"SearchAction\",\"target\":{\"@type\":\"EntryPoint\",\"urlTemplate\":\"https:\\\/\\\/ampans.cat\\\/en\\\/?s={search_term_string}\"},\"query-input\":{\"@type\":\"PropertyValueSpecification\",\"valueRequired\":true,\"valueName\":\"search_term_string\"}}],\"inLanguage\":\"en-US\"},{\"@type\":\"Organization\",\"@id\":\"https:\\\/\\\/ampans.cat\\\/en\\\/#organization\",\"name\":\"AMPANS\",\"url\":\"https:\\\/\\\/ampans.cat\\\/en\\\/\",\"logo\":{\"@type\":\"ImageObject\",\"inLanguage\":\"en-US\",\"@id\":\"https:\\\/\\\/ampans.cat\\\/en\\\/#\\\/schema\\\/logo\\\/image\\\/\",\"url\":\"https:\\\/\\\/ampans.cat\\\/wp-content\\\/uploads\\\/2022\\\/06\\\/animat-ampans-big.gif\",\"contentUrl\":\"https:\\\/\\\/ampans.cat\\\/wp-content\\\/uploads\\\/2022\\\/06\\\/animat-ampans-big.gif\",\"width\":1200,\"height\":312,\"caption\":\"AMPANS\"},\"image\":{\"@id\":\"https:\\\/\\\/ampans.cat\\\/en\\\/#\\\/schema\\\/logo\\\/image\\\/\"}},{\"@type\":\"Person\",\"@id\":\"https:\\\/\\\/ampans.cat\\\/en\\\/#\\\/schema\\\/person\\\/b11b36b6e01d13f6cb6e2f6cab9d821f\",\"name\":\"comunicacio\",\"image\":{\"@type\":\"ImageObject\",\"inLanguage\":\"en-US\",\"@id\":\"https:\\\/\\\/secure.gravatar.com\\\/avatar\\\/a68c6b10f874b30985540598c7325c689e1989efb4d49863e6cfc21e9333a066?s=96&d=mm&r=g\",\"url\":\"https:\\\/\\\/secure.gravatar.com\\\/avatar\\\/a68c6b10f874b30985540598c7325c689e1989efb4d49863e6cfc21e9333a066?s=96&d=mm&r=g\",\"contentUrl\":\"https:\\\/\\\/secure.gravatar.com\\\/avatar\\\/a68c6b10f874b30985540598c7325c689e1989efb4d49863e6cfc21e9333a066?s=96&d=mm&r=g\",\"caption\":\"comunicacio\"}}]}<\/script>\n<!-- \/ Yoast SEO plugin. -->","yoast_head_json":{"title":"The Copa Campeones fills Nou Congost with excitement, basketball and inclusion | AMPANS","robots":{"index":"index","follow":"follow","max-snippet":"max-snippet:-1","max-image-preview":"max-image-preview:large","max-video-preview":"max-video-preview:-1"},"canonical":"https:\/\/ampans.cat\/en\/uncategorized\/the-copa-campeones-fills-nou-congost-with-excitement-basketball-and-inclusion\/","og_locale":"en_US","og_type":"article","og_title":"The Copa Campeones fills Nou Congost with excitement, basketball and inclusion | AMPANS","og_description":"A celebration of inclusive basketball that moved the whole city This weekend, Manresa hosted a great celebration of basketball and inclusion with the Copa Campeones, a competition organised by the ACB and Fundaci\u00f3n ACB that transformed the Nou Congost arena into a space full of emotion, effort and team spirit. AMPANS was proud to be [&hellip;]","og_url":"https:\/\/ampans.cat\/en\/uncategorized\/the-copa-campeones-fills-nou-congost-with-excitement-basketball-and-inclusion\/","og_site_name":"AMPANS","article_published_time":"2026-03-26T08:27:23+00:00","article_modified_time":"2026-03-26T08:30:36+00:00","og_image":[{"width":2560,"height":1860,"url":"https:\/\/ampans.cat\/wp-content\/uploads\/2026\/03\/2025-2026-COPA-CAMPEONES-BAXI-VS-MURCIA-UNICAJA-121-scaled.jpg","type":"image\/jpeg"}],"author":"comunicacio","twitter_card":"summary_large_image","twitter_misc":{"Written by":"comunicacio","Est. reading time":"2 minutes"},"schema":{"@context":"https:\/\/schema.org","@graph":[{"@type":"Article","@id":"https:\/\/ampans.cat\/en\/uncategorized\/the-copa-campeones-fills-nou-congost-with-excitement-basketball-and-inclusion\/#article","isPartOf":{"@id":"https:\/\/ampans.cat\/en\/uncategorized\/the-copa-campeones-fills-nou-congost-with-excitement-basketball-and-inclusion\/"},"author":{"name":"comunicacio","@id":"https:\/\/ampans.cat\/en\/#\/schema\/person\/b11b36b6e01d13f6cb6e2f6cab9d821f"},"headline":"The Copa Campeones fills Nou Congost with excitement, basketball and inclusion","datePublished":"2026-03-26T08:27:23+00:00","dateModified":"2026-03-26T08:30:36+00:00","mainEntityOfPage":{"@id":"https:\/\/ampans.cat\/en\/uncategorized\/the-copa-campeones-fills-nou-congost-with-excitement-basketball-and-inclusion\/"},"wordCount":316,"publisher":{"@id":"https:\/\/ampans.cat\/en\/#organization"},"image":{"@id":"https:\/\/ampans.cat\/en\/uncategorized\/the-copa-campeones-fills-nou-congost-with-excitement-basketball-and-inclusion\/#primaryimage"},"thumbnailUrl":"https:\/\/ampans.cat\/wp-content\/uploads\/2026\/03\/2025-2026-COPA-CAMPEONES-BAXI-VS-MURCIA-UNICAJA-121-scaled.jpg","inLanguage":"en-US"},{"@type":"WebPage","@id":"https:\/\/ampans.cat\/en\/uncategorized\/the-copa-campeones-fills-nou-congost-with-excitement-basketball-and-inclusion\/","url":"https:\/\/ampans.cat\/en\/uncategorized\/the-copa-campeones-fills-nou-congost-with-excitement-basketball-and-inclusion\/","name":"The Copa Campeones fills Nou Congost with excitement, basketball and inclusion | AMPANS","isPartOf":{"@id":"https:\/\/ampans.cat\/en\/#website"},"primaryImageOfPage":{"@id":"https:\/\/ampans.cat\/en\/uncategorized\/the-copa-campeones-fills-nou-congost-with-excitement-basketball-and-inclusion\/#primaryimage"},"image":{"@id":"https:\/\/ampans.cat\/en\/uncategorized\/the-copa-campeones-fills-nou-congost-with-excitement-basketball-and-inclusion\/#primaryimage"},"thumbnailUrl":"https:\/\/ampans.cat\/wp-content\/uploads\/2026\/03\/2025-2026-COPA-CAMPEONES-BAXI-VS-MURCIA-UNICAJA-121-scaled.jpg","datePublished":"2026-03-26T08:27:23+00:00","dateModified":"2026-03-26T08:30:36+00:00","breadcrumb":{"@id":"https:\/\/ampans.cat\/en\/uncategorized\/the-copa-campeones-fills-nou-congost-with-excitement-basketball-and-inclusion\/#breadcrumb"},"inLanguage":"en-US","potentialAction":[{"@type":"ReadAction","target":["https:\/\/ampans.cat\/en\/uncategorized\/the-copa-campeones-fills-nou-congost-with-excitement-basketball-and-inclusion\/"]}]},{"@type":"ImageObject","inLanguage":"en-US","@id":"https:\/\/ampans.cat\/en\/uncategorized\/the-copa-campeones-fills-nou-congost-with-excitement-basketball-and-inclusion\/#primaryimage","url":"https:\/\/ampans.cat\/wp-content\/uploads\/2026\/03\/2025-2026-COPA-CAMPEONES-BAXI-VS-MURCIA-UNICAJA-121-scaled.jpg","contentUrl":"https:\/\/ampans.cat\/wp-content\/uploads\/2026\/03\/2025-2026-COPA-CAMPEONES-BAXI-VS-MURCIA-UNICAJA-121-scaled.jpg","width":2560,"height":1860},{"@type":"BreadcrumbList","@id":"https:\/\/ampans.cat\/en\/uncategorized\/the-copa-campeones-fills-nou-congost-with-excitement-basketball-and-inclusion\/#breadcrumb","itemListElement":[{"@type":"ListItem","position":1,"name":"Home","item":"https:\/\/ampans.cat\/en\/"},{"@type":"ListItem","position":2,"name":"The Copa Campeones fills Nou Congost with excitement, basketball and inclusion"}]},{"@type":"WebSite","@id":"https:\/\/ampans.cat\/en\/#website","url":"https:\/\/ampans.cat\/en\/","name":"AMPANS","description":"","publisher":{"@id":"https:\/\/ampans.cat\/en\/#organization"},"potentialAction":[{"@type":"SearchAction","target":{"@type":"EntryPoint","urlTemplate":"https:\/\/ampans.cat\/en\/?s={search_term_string}"},"query-input":{"@type":"PropertyValueSpecification","valueRequired":true,"valueName":"search_term_string"}}],"inLanguage":"en-US"},{"@type":"Organization","@id":"https:\/\/ampans.cat\/en\/#organization","name":"AMPANS","url":"https:\/\/ampans.cat\/en\/","logo":{"@type":"ImageObject","inLanguage":"en-US","@id":"https:\/\/ampans.cat\/en\/#\/schema\/logo\/image\/","url":"https:\/\/ampans.cat\/wp-content\/uploads\/2022\/06\/animat-ampans-big.gif","contentUrl":"https:\/\/ampans.cat\/wp-content\/uploads\/2022\/06\/animat-ampans-big.gif","width":1200,"height":312,"caption":"AMPANS"},"image":{"@id":"https:\/\/ampans.cat\/en\/#\/schema\/logo\/image\/"}},{"@type":"Person","@id":"https:\/\/ampans.cat\/en\/#\/schema\/person\/b11b36b6e01d13f6cb6e2f6cab9d821f","name":"comunicacio","image":{"@type":"ImageObject","inLanguage":"en-US","@id":"https:\/\/secure.gravatar.com\/avatar\/a68c6b10f874b30985540598c7325c689e1989efb4d49863e6cfc21e9333a066?s=96&d=mm&r=g","url":"https:\/\/secure.gravatar.com\/avatar\/a68c6b10f874b30985540598c7325c689e1989efb4d49863e6cfc21e9333a066?s=96&d=mm&r=g","contentUrl":"https:\/\/secure.gravatar.com\/avatar\/a68c6b10f874b30985540598c7325c689e1989efb4d49863e6cfc21e9333a066?s=96&d=mm&r=g","caption":"comunicacio"}}]}},"_links":{"self":[{"href":"https:\/\/ampans.cat\/en\/wp-json\/wp\/v2\/posts\/46418","targetHints":{"allow":["GET"]}}],"collection":[{"href":"https:\/\/ampans.cat\/en\/wp-json\/wp\/v2\/posts"}],"about":[{"href":"https:\/\/ampans.cat\/en\/wp-json\/wp\/v2\/types\/post"}],"author":[{"embeddable":true,"href":"https:\/\/ampans.cat\/en\/wp-json\/wp\/v2\/users\/16"}],"replies":[{"embeddable":true,"href":"https:\/\/ampans.cat\/en\/wp-json\/wp\/v2\/comments?post=46418"}],"version-history":[{"count":1,"href":"https:\/\/ampans.cat\/en\/wp-json\/wp\/v2\/posts\/46418\/revisions"}],"predecessor-version":[{"id":46421,"href":"https:\/\/ampans.cat\/en\/wp-json\/wp\/v2\/posts\/46418\/revisions\/46421"}],"wp:featuredmedia":[{"embeddable":true,"href":"https:\/\/ampans.cat\/en\/wp-json\/wp\/v2\/media\/46415"}],"wp:attachment":[{"href":"https:\/\/ampans.cat\/en\/wp-json\/wp\/v2\/media?parent=46418"}],"wp:term":[{"taxonomy":"category","embeddable":true,"href":"https:\/\/ampans.cat\/en\/wp-json\/wp\/v2\/categories?post=46418"},{"taxonomy":"post_tag","embeddable":true,"href":"https:\/\/ampans.cat\/en\/wp-json\/wp\/v2\/tags?post=46418"},{"taxonomy":"ambit_actualitat","embeddable":true,"href":"https:\/\/ampans.cat\/en\/wp-json\/wp\/v2\/ambit_actualitat?post=46418"},{"taxonomy":"tipus_de_pagina","embeddable":true,"href":"https:\/\/ampans.cat\/en\/wp-json\/wp\/v2\/tipus_de_pagina?post=46418"}],"curies":[{"name":"wp","href":"https:\/\/api.w.org\/{rel}","templated":true}]}}